{"id":77,"date":"2026-01-14T08:06:09","date_gmt":"2026-01-14T11:06:09","guid":{"rendered":"https:\/\/www.gsteel.com.br\/blog\/?p=77"},"modified":"2026-01-14T08:06:10","modified_gmt":"2026-01-14T11:06:10","slug":"a-importancia-dos-equipamentos-de-refrigeracao","status":"publish","type":"post","link":"https:\/\/www.gsteel.com.br\/blog\/2026\/01\/14\/a-importancia-dos-equipamentos-de-refrigeracao\/","title":{"rendered":"A import\u00e2ncia dos equipamentos de refrigera\u00e7\u00e3o em uma cozinha industrial"},"content":{"rendered":"<span class=\"span-reading-time rt-reading-time\" style=\"display: block;\"><span class=\"rt-label rt-prefix\">Tempo de leitura:<\/span> <span class=\"rt-time\"> 4<\/span> <span class=\"rt-label rt-postfix\">minutos<\/span><\/span>\n<p>Os donos de restaurantes, lanchonetes e outros estabelecimentos do segmento aliment\u00edcio sabem que os equipamentos de refrigera\u00e7\u00e3o s\u00e3o essenciais para armazenar determinados alimentos na cozinha industrial. Al\u00e9m disso, para seguir as normas da Ag\u00eancia Nacional de Vigil\u00e2ncia Sanit\u00e1ria (Anvisa), que indica a temperatura adequada para manter cada produto, \u00e9 indispens\u00e1vel contar com boas m\u00e1quinas.&nbsp;<\/p>\n\n\n\n<p>E, \u00e9 justamente sobre esse assunto que a G Steel ir\u00e1 tratar no post de hoje. Siga com a gente e entenda qual \u00e9 a import\u00e2ncia dos equipamentos de refrigera\u00e7\u00e3o em uma cozinha industrial!<\/p>\n\n\n\n<ul class=\"wp-block-list\">\n<li><a href=\"https:\/\/www.gsteel.com.br\/blog\/2025\/12\/19\/saiba-fazer-a-manutencao-do-seu-fogao-industrial-com-forno\/\">Saiba fazer a manuten\u00e7\u00e3o do seu fog\u00e3o industrial com forno<\/a><\/li>\n<\/ul>\n\n\n\n<div id=\"ez-toc-container\" class=\"ez-toc-v2_0_81 counter-hierarchy ez-toc-counter ez-toc-grey ez-toc-container-direction\">\n<div class=\"ez-toc-title-container\">\n<p class=\"ez-toc-title\" style=\"cursor:inherit\">Sum\u00e1rio<\/p>\n<span class=\"ez-toc-title-toggle\"><a href=\"#\" class=\"ez-toc-pull-right ez-toc-btn ez-toc-btn-xs ez-toc-btn-default ez-toc-toggle\" aria-label=\"Alternar tabela de conte\u00fado\"><span class=\"ez-toc-js-icon-con\"><span class=\"\"><span class=\"eztoc-hide\" style=\"display:none;\">Toggle<\/span><span class=\"ez-toc-icon-toggle-span\"><svg style=\"fill: #999;color:#999\" xmlns=\"http:\/\/www.w3.org\/2000\/svg\" class=\"list-377408\" width=\"20px\" height=\"20px\" viewBox=\"0 0 24 24\" fill=\"none\"><path d=\"M6 6H4v2h2V6zm14 0H8v2h12V6zM4 11h2v2H4v-2zm16 0H8v2h12v-2zM4 16h2v2H4v-2zm16 0H8v2h12v-2z\" fill=\"currentColor\"><\/path><\/svg><svg style=\"fill: #999;color:#999\" class=\"arrow-unsorted-368013\" xmlns=\"http:\/\/www.w3.org\/2000\/svg\" width=\"10px\" height=\"10px\" viewBox=\"0 0 24 24\" version=\"1.2\" baseProfile=\"tiny\"><path d=\"M18.2 9.3l-6.2-6.3-6.2 6.3c-.2.2-.3.4-.3.7s.1.5.3.7c.2.2.4.3.7.3h11c.3 0 .5-.1.7-.3.2-.2.3-.5.3-.7s-.1-.5-.3-.7zM5.8 14.7l6.2 6.3 6.2-6.3c.2-.2.3-.5.3-.7s-.1-.5-.3-.7c-.2-.2-.4-.3-.7-.3h-11c-.3 0-.5.1-.7.3-.2.2-.3.5-.3.7s.1.5.3.7z\"\/><\/svg><\/span><\/span><\/span><\/a><\/span><\/div>\n<nav><ul class='ez-toc-list ez-toc-list-level-1 ' ><li class='ez-toc-page-1 ez-toc-heading-level-2'><a class=\"ez-toc-link ez-toc-heading-1\" href=\"https:\/\/www.gsteel.com.br\/blog\/2026\/01\/14\/a-importancia-dos-equipamentos-de-refrigeracao\/#Entenda_as_funcionalidades_dos_produtos\" >Entenda as funcionalidades dos produtos<\/a><\/li><li class='ez-toc-page-1 ez-toc-heading-level-2'><a class=\"ez-toc-link ez-toc-heading-2\" href=\"https:\/\/www.gsteel.com.br\/blog\/2026\/01\/14\/a-importancia-dos-equipamentos-de-refrigeracao\/#Equipamentos_de_refrigeracao_essenciais_para_seguranca_alimentar\" >Equipamentos de refrigera\u00e7\u00e3o: essenciais para seguran\u00e7a alimentar<\/a><ul class='ez-toc-list-level-3' ><li class='ez-toc-heading-level-3'><a class=\"ez-toc-link ez-toc-heading-3\" href=\"https:\/\/www.gsteel.com.br\/blog\/2026\/01\/14\/a-importancia-dos-equipamentos-de-refrigeracao\/#Carnes_e_peixes\" >Carnes e peixes<\/a><\/li><li class='ez-toc-page-1 ez-toc-heading-level-3'><a class=\"ez-toc-link ez-toc-heading-4\" href=\"https:\/\/www.gsteel.com.br\/blog\/2026\/01\/14\/a-importancia-dos-equipamentos-de-refrigeracao\/#Vegetais_frutas_e_legumes\" >Vegetais, frutas e legumes<\/a><\/li><li class='ez-toc-page-1 ez-toc-heading-level-3'><a class=\"ez-toc-link ez-toc-heading-5\" href=\"https:\/\/www.gsteel.com.br\/blog\/2026\/01\/14\/a-importancia-dos-equipamentos-de-refrigeracao\/#Sobremesas_e_laticinios\" >Sobremesas e latic\u00ednios<\/a><\/li><li class='ez-toc-page-1 ez-toc-heading-level-3'><a class=\"ez-toc-link ez-toc-heading-6\" href=\"https:\/\/www.gsteel.com.br\/blog\/2026\/01\/14\/a-importancia-dos-equipamentos-de-refrigeracao\/#Frios\" >Frios<\/a><\/li><\/ul><\/li><li class='ez-toc-page-1 ez-toc-heading-level-2'><a class=\"ez-toc-link ez-toc-heading-7\" href=\"https:\/\/www.gsteel.com.br\/blog\/2026\/01\/14\/a-importancia-dos-equipamentos-de-refrigeracao\/#Balcao_refrigerado_muito_mais_praticidade_para_sua_cozinha_industrial\" >Balc\u00e3o refrigerado, muito mais praticidade para sua cozinha industrial<\/a><\/li><\/ul><\/nav><\/div>\n<h2 class=\"wp-block-heading\"><span class=\"ez-toc-section\" id=\"Entenda_as_funcionalidades_dos_produtos\"><\/span>Entenda as funcionalidades dos produtos<span class=\"ez-toc-section-end\"><\/span><\/h2>\n\n\n\n<p>Os equipamentos de refrigera\u00e7\u00e3o s\u00e3o utilizados para refrigerar produtos que precisam ser mantidos em temperaturas mais baixas, de modo a conservar os alimentos e evitar o apodrecimento. E, \u00e9 claro, que tamb\u00e9m servem para gelar bebidas e outras mercadorias que ficam mais saborosas frias. <\/p>\n\n\n\n<p>Para atender a demanda dos mais variados segmentos, h\u00e1 diversas op\u00e7\u00f5es no mercado. Desde os cl\u00e1ssicos balc\u00f5es refrigerados, \u00fateis tanto para exposi\u00e7\u00e3o dos produtos como para o armazenamento, at\u00e9 op\u00e7\u00f5es de freezers ideais para estocar alimentos.&nbsp;<\/p>\n\n\n\n<h2 class=\"wp-block-heading\"><span class=\"ez-toc-section\" id=\"Equipamentos_de_refrigeracao_essenciais_para_seguranca_alimentar\"><\/span>Equipamentos de refrigera\u00e7\u00e3o: essenciais para seguran\u00e7a alimentar<span class=\"ez-toc-section-end\"><\/span><\/h2>\n\n\n<div class=\"wp-block-image\">\n<figure class=\"aligncenter size-large is-resized\"><img loading=\"lazy\" decoding=\"async\" width=\"1024\" height=\"683\" src=\"https:\/\/www.gsteel.com.br\/blog\/wp-content\/uploads\/2022\/01\/equipamentos-de-refrigeracao-1-1024x683.jpg\" alt=\"equipamentos de refrigera\u00e7\u00e3o\" class=\"wp-image-79\" style=\"width:442px;height:295px\" srcset=\"https:\/\/www.gsteel.com.br\/blog\/wp-content\/uploads\/2022\/01\/equipamentos-de-refrigeracao-1-1024x683.jpg 1024w, https:\/\/www.gsteel.com.br\/blog\/wp-content\/uploads\/2022\/01\/equipamentos-de-refrigeracao-1-300x200.jpg 300w, https:\/\/www.gsteel.com.br\/blog\/wp-content\/uploads\/2022\/01\/equipamentos-de-refrigeracao-1-768x512.jpg 768w, https:\/\/www.gsteel.com.br\/blog\/wp-content\/uploads\/2022\/01\/equipamentos-de-refrigeracao-1.jpg 1200w\" sizes=\"auto, (max-width: 1024px) 100vw, 1024px\" \/><\/figure>\n<\/div>\n\n\n<p>Os equipamentos de refrigera\u00e7\u00e3o tamb\u00e9m devem estar em conformidade com as normas da Anvisa, s\u00f3 assim \u00e9 poss\u00edvel garantir a qualidade e seguran\u00e7a alimentar dos produtos. A Ag\u00eancia pede para que as m\u00e1quinas n\u00e3o tenham estrutura porosa ou fissuras, para evitar a contamina\u00e7\u00e3o dos produtos por subst\u00e2ncias t\u00f3xicas e para facilitar a limpeza.<\/p>\n\n\n\n<p>Al\u00e9m disso, \u00e9 recomendado materiais que n\u00e3o transmitam odores ou sabores. Ou seja, os equipamentos de refrigera\u00e7\u00e3o em a\u00e7o inox s\u00e3o perfeitos. Por fim, cada alimento deve ser mantido a uma determinada temperatura, conhe\u00e7a algumas especifica\u00e7\u00f5es!<\/p>\n\n\n\n<h3 class=\"wp-block-heading\"><span class=\"ez-toc-section\" id=\"Carnes_e_peixes\"><\/span>Carnes e peixes<span class=\"ez-toc-section-end\"><\/span><\/h3>\n\n\n\n<p>A temperatura de conserva\u00e7\u00e3o das carnes cruas \u00e9 de at\u00e9 4 \u00b0C por pelo menos 72 horas, enquanto os peixes precisam estar na mesma temperatura, por no m\u00ednimo 24 horas.&nbsp;<\/p>\n\n\n\n<h3 class=\"wp-block-heading\"><span class=\"ez-toc-section\" id=\"Vegetais_frutas_e_legumes\"><\/span>Vegetais, frutas e legumes<span class=\"ez-toc-section-end\"><\/span><\/h3>\n\n\n\n<p>Por outro lado, os vegetais, as frutas e os legumes necessitam de uma exposi\u00e7\u00e3o de at\u00e9 10 \u00b0C. No entanto, os vegetais permanecem por um per\u00edodo de 72 horas, j\u00e1 as frutas e legumes por uma semana.<\/p>\n\n\n\n<h3 class=\"wp-block-heading\"><span class=\"ez-toc-section\" id=\"Sobremesas_e_laticinios\"><\/span>Sobremesas e latic\u00ednios<span class=\"ez-toc-section-end\"><\/span><\/h3>\n\n\n\n<p>A temperatura ideal de doces e derivados do leite, por sua vez, \u00e9 de at\u00e9 8 \u00b0C em 24 horas.<\/p>\n\n\n\n<h3 class=\"wp-block-heading\"><span class=\"ez-toc-section\" id=\"Frios\"><\/span>Frios<span class=\"ez-toc-section-end\"><\/span><\/h3>\n\n\n\n<p>Por fim, os frios tamb\u00e9m precisam estar em uma temperatura adequada nos equipamentos de refrigera\u00e7\u00e3o. Em geral, a exposi\u00e7\u00e3o a 6 \u00b0C por 48 horas, \u00e9 excelente para conservar esse tipo de produto.<\/p>\n\n\n\n<ul class=\"wp-block-list\">\n<li><a href=\"https:\/\/www.gsteel.com.br\/blog\/2025\/11\/27\/como-colocar-pia-de-cozinha-inox-passo-a-passo-completo\/\">Como colocar pia de cozinha inox: passo a passo completo<\/a><\/li>\n<\/ul>\n\n\n\n<h2 class=\"wp-block-heading\"><span class=\"ez-toc-section\" id=\"Balcao_refrigerado_muito_mais_praticidade_para_sua_cozinha_industrial\"><\/span>Balc\u00e3o refrigerado, muito mais praticidade para sua cozinha industrial<span class=\"ez-toc-section-end\"><\/span><\/h2>\n\n\n<div class=\"wp-block-image\">\n<figure class=\"alignright size-full is-resized\"><img loading=\"lazy\" decoding=\"async\" width=\"360\" height=\"366\" src=\"https:\/\/www.gsteel.com.br\/blog\/wp-content\/uploads\/2021\/10\/balcao-aco-inox.jpg\" alt=\"equipamentos de refrigera\u00e7\u00e3o\" class=\"wp-image-14\" style=\"width:303px;height:308px\" srcset=\"https:\/\/www.gsteel.com.br\/blog\/wp-content\/uploads\/2021\/10\/balcao-aco-inox.jpg 360w, https:\/\/www.gsteel.com.br\/blog\/wp-content\/uploads\/2021\/10\/balcao-aco-inox-295x300.jpg 295w\" sizes=\"auto, (max-width: 360px) 100vw, 360px\" \/><\/figure>\n<\/div>\n\n\n<p>Quando o assunto \u00e9 equipamentos de refrigera\u00e7\u00e3o, o balc\u00e3o \u00e9 um dos acess\u00f3rios mais pr\u00e1ticos. Isso porque a m\u00e1quina \u00e9 perfeita para atender as necessidades de restaurantes, lanchonetes, buffets, padarias, e, ultrapassa os limites da <a href=\"https:\/\/www.gsteel.com.br\/blog\/2021\/11\/23\/saiba-como-montar-uma-cozinha-industrial-pequena\/\" target=\"_blank\" rel=\"noreferrer noopener\">cozinha industrial<\/a>, atendendo tamb\u00e9m a demanda de a\u00e7ougues, supermercados e outros.&nbsp;<\/p>\n\n\n\n<p>Afinal, como dito anteriormente, as m\u00e1quinas servem tanto para \u00e1rea interna como para expor os produtos para os clientes. Al\u00e9m disso, se encaixam perfeitamente em ambientes em que os funcion\u00e1rios atendem o consumidor ou no modelo de neg\u00f3cio em que ele mesmo se serve. Perfeito, n\u00e9?<\/p>\n\n\n\n<p>Para comprar o que h\u00e1 de melhor no segmento de equipamentos de refrigera\u00e7\u00e3o e produtos em a\u00e7o inox, acesse o site da <a href=\"https:\/\/www.gsteel.com.br\/\" target=\"_blank\" rel=\"noreferrer noopener\">G Steel<\/a>. Estamos prontos para atend\u00ea-lo!<\/p>\n\n\n\n<ul class=\"wp-block-list\">\n<li><a href=\"https:\/\/www.gsteel.com.br\/blog\/2025\/12\/05\/onde-comprar-balcao-com-pia-inox-em-sao-paulo\/\">Onde comprar balc\u00e3o com pia inox em S\u00e3o Paulo?<br><\/a><\/li>\n<\/ul>\n","protected":false},"excerpt":{"rendered":"<p><span class=\"span-reading-time rt-reading-time\" style=\"display: block;\"><span class=\"rt-label rt-prefix\">Tempo de leitura:<\/span> <span class=\"rt-time\"> 4<\/span> <span class=\"rt-label rt-postfix\">minutos<\/span><\/span>Os donos de restaurantes, lanchonetes e outros estabelecimentos do segmento aliment\u00edcio sabem que os equipamentos de refrigera\u00e7\u00e3o s\u00e3o essenciais para armazenar determinados alimentos na cozinha industrial. Al\u00e9m disso, para seguir as normas da Ag\u00eancia Nacional de Vigil\u00e2ncia Sanit\u00e1ria (Anvisa), que indica a temperatura adequada para manter cada produto, \u00e9 indispens\u00e1vel contar com boas m\u00e1quinas.&nbsp; E, &hellip; <\/p>\n","protected":false},"author":1,"featured_media":81,"comment_status":"open","ping_status":"open","sticky":false,"template":"","format":"standard","meta":{"footnotes":""},"categories":[3],"tags":[103,106,30,51,22658,22660,22659,99,101,100,105,22662,22670,22680,22678,22682,22671,22679,22683,22681,22667,22666,22684,22672,22677,22674,22673,22676,22675,22664,22668,22663,22669,22655,22656,22657,107,104,22661,22665,102],"class_list":["post-77","post","type-post","status-publish","format-standard","has-post-thumbnail","hentry","category-balcao-aco-inox","tag-aplicacoes-balcao-refrigerado","tag-aplicacoes-equipamentos-de-refrigeracao","tag-balcao-refrigerado","tag-cozinha-industrial","tag-distribuidor-de-equipamentos-para-refrigeracao","tag-distribuidora-de-equipamentos-para-refrigeracao","tag-empresa-de-equipamentos-para-refrigeracao","tag-equipamentos-de-refrigeracao","tag-equipamentos-de-refrigeracao-aco-inox","tag-equipamentos-de-refrigeracao-cozinha-industrial","tag-equipamentos-de-refrigeracao-vantagens","tag-equipamentos-para-refrigeracao-comprar","tag-equipamentos-para-refrigeracao-direto-da-fabrica","tag-equipamentos-para-refrigeracao-em-diadema","tag-equipamentos-para-refrigeracao-em-guarulhos","tag-equipamentos-para-refrigeracao-em-osasco","tag-equipamentos-para-refrigeracao-em-promocao","tag-equipamentos-para-refrigeracao-em-santo-andre","tag-equipamentos-para-refrigeracao-em-sao-bernardo","tag-equipamentos-para-refrigeracao-em-sao-caetano","tag-equipamentos-para-refrigeracao-em-sao-paulo","tag-equipamentos-para-refrigeracao-em-sp","tag-equipamentos-para-refrigeracao-na-baixada-santista","tag-equipamentos-para-refrigeracao-na-zona-leste","tag-equipamentos-para-refrigeracao-na-zona-norte","tag-equipamentos-para-refrigeracao-na-zona-oeste","tag-equipamentos-para-refrigeracao-na-zona-sul","tag-equipamentos-para-refrigeracao-no-abc","tag-equipamentos-para-refrigeracao-no-centro","tag-equipamentos-para-refrigeracao-onde-encontrar","tag-equipamentos-para-refrigeracao-perto-de-mim","tag-equipamentos-para-refrigeracao-preco","tag-equipamentos-para-refrigeracao-proximo-a-mim","tag-fabrica-de-equipamentos-para-refrigeracao","tag-fabricante-de-equipamentos-para-refrigeracao","tag-fornecedor-de-equipamentos-para-refrigeracao","tag-funcionalidades-equipamentos-de-refrigeracao","tag-importancia-dos-equipamentos-de-refrigeracao","tag-loja-de-equipamentos-para-refrigeracao","tag-revendedor-de-equipamentos-para-refrigeracao","tag-vantagens-do-balcao-refrigerado"],"yoast_head":"<!-- This site is optimized with the Yoast SEO plugin v27.1.1 - https:\/\/yoast.com\/product\/yoast-seo-wordpress\/ -->\n<title>A import\u00e2ncia dos equipamentos de refrigera\u00e7\u00e3o<\/title>\n<meta name=\"description\" content=\"Est\u00e1 pensando em investir em equipamentos de refrigera\u00e7\u00e3o? Saiba a import\u00e2ncia dessas m\u00e1quinas para as produ\u00e7\u00f5es na cozinha industrial!\" \/>\n<meta name=\"robots\" content=\"index, follow, max-snippet:-1, max-image-preview:large, max-video-preview:-1\" \/>\n<link rel=\"canonical\" href=\"https:\/\/www.gsteel.com.br\/blog\/2026\/01\/14\/a-importancia-dos-equipamentos-de-refrigeracao\/\" \/>\n<meta property=\"og:locale\" content=\"pt_BR\" \/>\n<meta property=\"og:type\" content=\"article\" \/>\n<meta property=\"og:title\" content=\"A import\u00e2ncia dos equipamentos de refrigera\u00e7\u00e3o\" \/>\n<meta property=\"og:description\" content=\"Est\u00e1 pensando em investir em equipamentos de refrigera\u00e7\u00e3o? Saiba a import\u00e2ncia dessas m\u00e1quinas para as produ\u00e7\u00f5es na cozinha industrial!\" \/>\n<meta property=\"og:url\" content=\"https:\/\/www.gsteel.com.br\/blog\/2026\/01\/14\/a-importancia-dos-equipamentos-de-refrigeracao\/\" \/>\n<meta property=\"og:site_name\" content=\"Gsteel\" \/>\n<meta property=\"article:published_time\" content=\"2026-01-14T11:06:09+00:00\" \/>\n<meta property=\"article:modified_time\" content=\"2026-01-14T11:06:10+00:00\" \/>\n<meta property=\"og:image\" content=\"https:\/\/www.gsteel.com.br\/blog\/wp-content\/uploads\/2022\/01\/equipamentos-de-refrigeracao.jpeg\" \/>\n\t<meta property=\"og:image:width\" content=\"1280\" \/>\n\t<meta property=\"og:image:height\" content=\"854\" \/>\n\t<meta property=\"og:image:type\" content=\"image\/jpeg\" \/>\n<meta name=\"author\" content=\"admin\" \/>\n<meta name=\"twitter:card\" content=\"summary_large_image\" \/>\n<meta name=\"twitter:label1\" content=\"Escrito por\" \/>\n\t<meta name=\"twitter:data1\" content=\"admin\" \/>\n\t<meta name=\"twitter:label2\" content=\"Est. tempo de leitura\" \/>\n\t<meta name=\"twitter:data2\" content=\"4 minutos\" \/>\n<script type=\"application\/ld+json\" class=\"yoast-schema-graph\">{\"@context\":\"https:\/\/schema.org\",\"@graph\":[{\"@type\":\"Article\",\"@id\":\"https:\/\/www.gsteel.com.br\/blog\/2026\/01\/14\/a-importancia-dos-equipamentos-de-refrigeracao\/#article\",\"isPartOf\":{\"@id\":\"https:\/\/www.gsteel.com.br\/blog\/2026\/01\/14\/a-importancia-dos-equipamentos-de-refrigeracao\/\"},\"author\":{\"name\":\"admin\",\"@id\":\"https:\/\/www.gsteel.com.br\/blog\/#\/schema\/person\/28e05fa77cfe34acae514b85d18dd169\"},\"headline\":\"A import\u00e2ncia dos equipamentos de refrigera\u00e7\u00e3o em uma cozinha industrial\",\"datePublished\":\"2026-01-14T11:06:09+00:00\",\"dateModified\":\"2026-01-14T11:06:10+00:00\",\"mainEntityOfPage\":{\"@id\":\"https:\/\/www.gsteel.com.br\/blog\/2026\/01\/14\/a-importancia-dos-equipamentos-de-refrigeracao\/\"},\"wordCount\":618,\"commentCount\":0,\"publisher\":{\"@id\":\"https:\/\/www.gsteel.com.br\/blog\/#organization\"},\"image\":{\"@id\":\"https:\/\/www.gsteel.com.br\/blog\/2026\/01\/14\/a-importancia-dos-equipamentos-de-refrigeracao\/#primaryimage\"},\"thumbnailUrl\":\"https:\/\/www.gsteel.com.br\/blog\/wp-content\/uploads\/2022\/01\/equipamentos-de-refrigeracao.jpeg\",\"keywords\":[\"aplica\u00e7\u00f5es balc\u00e3o refrigerado\",\"aplica\u00e7\u00f5es equipamentos de refrigera\u00e7\u00e3o\",\"balc\u00e3o refrigerado\",\"cozinha industrial\",\"distribuidor de equipamentos para refrigera\u00e7\u00e3o\",\"distribuidora de equipamentos para refrigera\u00e7\u00e3o\",\"empresa de equipamentos para refrigera\u00e7\u00e3o\",\"equipamentos de refrigera\u00e7\u00e3o\",\"equipamentos de refrigera\u00e7\u00e3o a\u00e7o inox\",\"equipamentos de refrigera\u00e7\u00e3o cozinha industrial\",\"equipamentos de refrigera\u00e7\u00e3o vantagens\",\"equipamentos para refrigera\u00e7\u00e3o comprar\",\"equipamentos para refrigera\u00e7\u00e3o direto da fabrica\",\"equipamentos para refrigera\u00e7\u00e3o em Diadema\",\"equipamentos para refrigera\u00e7\u00e3o em Guarulhos\",\"equipamentos para refrigera\u00e7\u00e3o em Osasco\",\"equipamentos para refrigera\u00e7\u00e3o em promo\u00e7\u00e3o\",\"equipamentos para refrigera\u00e7\u00e3o em Santo Andr\u00e9\",\"equipamentos para refrigera\u00e7\u00e3o em S\u00e3o Bernardo\",\"equipamentos para refrigera\u00e7\u00e3o em S\u00e3o Caetano\",\"equipamentos para refrigera\u00e7\u00e3o em s\u00e3o paulo\",\"equipamentos para refrigera\u00e7\u00e3o em sp\",\"equipamentos para refrigera\u00e7\u00e3o na baixada santista\",\"equipamentos para refrigera\u00e7\u00e3o na zona leste\",\"equipamentos para refrigera\u00e7\u00e3o na zona norte\",\"equipamentos para refrigera\u00e7\u00e3o na zona oeste\",\"equipamentos para refrigera\u00e7\u00e3o na zona sul\",\"equipamentos para refrigera\u00e7\u00e3o no ABC\",\"equipamentos para refrigera\u00e7\u00e3o no centro\",\"equipamentos para refrigera\u00e7\u00e3o onde encontrar\",\"equipamentos para refrigera\u00e7\u00e3o perto de mim\",\"equipamentos para refrigera\u00e7\u00e3o pre\u00e7o\",\"equipamentos para refrigera\u00e7\u00e3o pr\u00f3ximo a mim\",\"f\u00e1brica de equipamentos para refrigera\u00e7\u00e3o\",\"fabricante de equipamentos para refrigera\u00e7\u00e3o\",\"fornecedor de equipamentos para refrigera\u00e7\u00e3o\",\"funcionalidades equipamentos de refrigera\u00e7\u00e3o\",\"importancia dos equipamentos de refrigera\u00e7\u00e3o\",\"loja de equipamentos para refrigera\u00e7\u00e3o\",\"revendedor de equipamentos para refrigera\u00e7\u00e3o\",\"vantagens do balc\u00e3o refrigerado\"],\"articleSection\":[\"balc\u00e3o a\u00e7o inox\"],\"inLanguage\":\"pt-BR\",\"potentialAction\":[{\"@type\":\"CommentAction\",\"name\":\"Comment\",\"target\":[\"https:\/\/www.gsteel.com.br\/blog\/2026\/01\/14\/a-importancia-dos-equipamentos-de-refrigeracao\/#respond\"]}]},{\"@type\":\"WebPage\",\"@id\":\"https:\/\/www.gsteel.com.br\/blog\/2026\/01\/14\/a-importancia-dos-equipamentos-de-refrigeracao\/\",\"url\":\"https:\/\/www.gsteel.com.br\/blog\/2026\/01\/14\/a-importancia-dos-equipamentos-de-refrigeracao\/\",\"name\":\"A import\u00e2ncia dos equipamentos de refrigera\u00e7\u00e3o\",\"isPartOf\":{\"@id\":\"https:\/\/www.gsteel.com.br\/blog\/#website\"},\"primaryImageOfPage\":{\"@id\":\"https:\/\/www.gsteel.com.br\/blog\/2026\/01\/14\/a-importancia-dos-equipamentos-de-refrigeracao\/#primaryimage\"},\"image\":{\"@id\":\"https:\/\/www.gsteel.com.br\/blog\/2026\/01\/14\/a-importancia-dos-equipamentos-de-refrigeracao\/#primaryimage\"},\"thumbnailUrl\":\"https:\/\/www.gsteel.com.br\/blog\/wp-content\/uploads\/2022\/01\/equipamentos-de-refrigeracao.jpeg\",\"datePublished\":\"2026-01-14T11:06:09+00:00\",\"dateModified\":\"2026-01-14T11:06:10+00:00\",\"description\":\"Est\u00e1 pensando em investir em equipamentos de refrigera\u00e7\u00e3o? Saiba a import\u00e2ncia dessas m\u00e1quinas para as produ\u00e7\u00f5es na cozinha industrial!\",\"breadcrumb\":{\"@id\":\"https:\/\/www.gsteel.com.br\/blog\/2026\/01\/14\/a-importancia-dos-equipamentos-de-refrigeracao\/#breadcrumb\"},\"inLanguage\":\"pt-BR\",\"potentialAction\":[{\"@type\":\"ReadAction\",\"target\":[\"https:\/\/www.gsteel.com.br\/blog\/2026\/01\/14\/a-importancia-dos-equipamentos-de-refrigeracao\/\"]}]},{\"@type\":\"ImageObject\",\"inLanguage\":\"pt-BR\",\"@id\":\"https:\/\/www.gsteel.com.br\/blog\/2026\/01\/14\/a-importancia-dos-equipamentos-de-refrigeracao\/#primaryimage\",\"url\":\"https:\/\/www.gsteel.com.br\/blog\/wp-content\/uploads\/2022\/01\/equipamentos-de-refrigeracao.jpeg\",\"contentUrl\":\"https:\/\/www.gsteel.com.br\/blog\/wp-content\/uploads\/2022\/01\/equipamentos-de-refrigeracao.jpeg\",\"width\":1280,\"height\":854,\"caption\":\"equipamentos de refrigera\u00e7\u00e3o\"},{\"@type\":\"BreadcrumbList\",\"@id\":\"https:\/\/www.gsteel.com.br\/blog\/2026\/01\/14\/a-importancia-dos-equipamentos-de-refrigeracao\/#breadcrumb\",\"itemListElement\":[{\"@type\":\"ListItem\",\"position\":1,\"name\":\"In\u00edcio\",\"item\":\"https:\/\/www.gsteel.com.br\/blog\/\"},{\"@type\":\"ListItem\",\"position\":2,\"name\":\"A import\u00e2ncia dos equipamentos de refrigera\u00e7\u00e3o em uma cozinha industrial\"}]},{\"@type\":\"WebSite\",\"@id\":\"https:\/\/www.gsteel.com.br\/blog\/#website\",\"url\":\"https:\/\/www.gsteel.com.br\/blog\/\",\"name\":\"Gsteel\",\"description\":\"Blog\",\"publisher\":{\"@id\":\"https:\/\/www.gsteel.com.br\/blog\/#organization\"},\"potentialAction\":[{\"@type\":\"SearchAction\",\"target\":{\"@type\":\"EntryPoint\",\"urlTemplate\":\"https:\/\/www.gsteel.com.br\/blog\/?s={search_term_string}\"},\"query-input\":{\"@type\":\"PropertyValueSpecification\",\"valueRequired\":true,\"valueName\":\"search_term_string\"}}],\"inLanguage\":\"pt-BR\"},{\"@type\":\"Organization\",\"@id\":\"https:\/\/www.gsteel.com.br\/blog\/#organization\",\"name\":\"Gsteel\",\"url\":\"https:\/\/www.gsteel.com.br\/blog\/\",\"logo\":{\"@type\":\"ImageObject\",\"inLanguage\":\"pt-BR\",\"@id\":\"https:\/\/www.gsteel.com.br\/blog\/#\/schema\/logo\/image\/\",\"url\":\"https:\/\/www.gsteel.com.br\/blog\/wp-content\/uploads\/2021\/10\/logoGSTEEL.png\",\"contentUrl\":\"https:\/\/www.gsteel.com.br\/blog\/wp-content\/uploads\/2021\/10\/logoGSTEEL.png\",\"width\":131,\"height\":47,\"caption\":\"Gsteel\"},\"image\":{\"@id\":\"https:\/\/www.gsteel.com.br\/blog\/#\/schema\/logo\/image\/\"}},{\"@type\":\"Person\",\"@id\":\"https:\/\/www.gsteel.com.br\/blog\/#\/schema\/person\/28e05fa77cfe34acae514b85d18dd169\",\"name\":\"admin\",\"image\":{\"@type\":\"ImageObject\",\"inLanguage\":\"pt-BR\",\"@id\":\"https:\/\/www.gsteel.com.br\/blog\/#\/schema\/person\/image\/\",\"url\":\"https:\/\/secure.gravatar.com\/avatar\/44fe48476a51cc905bda53ed1643436406bdaa56cbfe0f84f13093482406ba6f?s=96&d=mm&r=g\",\"contentUrl\":\"https:\/\/secure.gravatar.com\/avatar\/44fe48476a51cc905bda53ed1643436406bdaa56cbfe0f84f13093482406ba6f?s=96&d=mm&r=g\",\"caption\":\"admin\"},\"sameAs\":[\"https:\/\/www.gsteel.com.br\/blog\"],\"url\":\"https:\/\/www.gsteel.com.br\/blog\/author\/admin\/\"}]}<\/script>\n<!-- \/ Yoast SEO plugin. -->","yoast_head_json":{"title":"A import\u00e2ncia dos equipamentos de refrigera\u00e7\u00e3o","description":"Est\u00e1 pensando em investir em equipamentos de refrigera\u00e7\u00e3o? Saiba a import\u00e2ncia dessas m\u00e1quinas para as produ\u00e7\u00f5es na cozinha industrial!","robots":{"index":"index","follow":"follow","max-snippet":"max-snippet:-1","max-image-preview":"max-image-preview:large","max-video-preview":"max-video-preview:-1"},"canonical":"https:\/\/www.gsteel.com.br\/blog\/2026\/01\/14\/a-importancia-dos-equipamentos-de-refrigeracao\/","og_locale":"pt_BR","og_type":"article","og_title":"A import\u00e2ncia dos equipamentos de refrigera\u00e7\u00e3o","og_description":"Est\u00e1 pensando em investir em equipamentos de refrigera\u00e7\u00e3o? Saiba a import\u00e2ncia dessas m\u00e1quinas para as produ\u00e7\u00f5es na cozinha industrial!","og_url":"https:\/\/www.gsteel.com.br\/blog\/2026\/01\/14\/a-importancia-dos-equipamentos-de-refrigeracao\/","og_site_name":"Gsteel","article_published_time":"2026-01-14T11:06:09+00:00","article_modified_time":"2026-01-14T11:06:10+00:00","og_image":[{"width":1280,"height":854,"url":"https:\/\/www.gsteel.com.br\/blog\/wp-content\/uploads\/2022\/01\/equipamentos-de-refrigeracao.jpeg","type":"image\/jpeg"}],"author":"admin","twitter_card":"summary_large_image","twitter_misc":{"Escrito por":"admin","Est. tempo de leitura":"4 minutos"},"schema":{"@context":"https:\/\/schema.org","@graph":[{"@type":"Article","@id":"https:\/\/www.gsteel.com.br\/blog\/2026\/01\/14\/a-importancia-dos-equipamentos-de-refrigeracao\/#article","isPartOf":{"@id":"https:\/\/www.gsteel.com.br\/blog\/2026\/01\/14\/a-importancia-dos-equipamentos-de-refrigeracao\/"},"author":{"name":"admin","@id":"https:\/\/www.gsteel.com.br\/blog\/#\/schema\/person\/28e05fa77cfe34acae514b85d18dd169"},"headline":"A import\u00e2ncia dos equipamentos de refrigera\u00e7\u00e3o em uma cozinha industrial","datePublished":"2026-01-14T11:06:09+00:00","dateModified":"2026-01-14T11:06:10+00:00","mainEntityOfPage":{"@id":"https:\/\/www.gsteel.com.br\/blog\/2026\/01\/14\/a-importancia-dos-equipamentos-de-refrigeracao\/"},"wordCount":618,"commentCount":0,"publisher":{"@id":"https:\/\/www.gsteel.com.br\/blog\/#organization"},"image":{"@id":"https:\/\/www.gsteel.com.br\/blog\/2026\/01\/14\/a-importancia-dos-equipamentos-de-refrigeracao\/#primaryimage"},"thumbnailUrl":"https:\/\/www.gsteel.com.br\/blog\/wp-content\/uploads\/2022\/01\/equipamentos-de-refrigeracao.jpeg","keywords":["aplica\u00e7\u00f5es balc\u00e3o refrigerado","aplica\u00e7\u00f5es equipamentos de refrigera\u00e7\u00e3o","balc\u00e3o refrigerado","cozinha industrial","distribuidor de equipamentos para refrigera\u00e7\u00e3o","distribuidora de equipamentos para refrigera\u00e7\u00e3o","empresa de equipamentos para refrigera\u00e7\u00e3o","equipamentos de refrigera\u00e7\u00e3o","equipamentos de refrigera\u00e7\u00e3o a\u00e7o inox","equipamentos de refrigera\u00e7\u00e3o cozinha industrial","equipamentos de refrigera\u00e7\u00e3o vantagens","equipamentos para refrigera\u00e7\u00e3o comprar","equipamentos para refrigera\u00e7\u00e3o direto da fabrica","equipamentos para refrigera\u00e7\u00e3o em Diadema","equipamentos para refrigera\u00e7\u00e3o em Guarulhos","equipamentos para refrigera\u00e7\u00e3o em Osasco","equipamentos para refrigera\u00e7\u00e3o em promo\u00e7\u00e3o","equipamentos para refrigera\u00e7\u00e3o em Santo Andr\u00e9","equipamentos para refrigera\u00e7\u00e3o em S\u00e3o Bernardo","equipamentos para refrigera\u00e7\u00e3o em S\u00e3o Caetano","equipamentos para refrigera\u00e7\u00e3o em s\u00e3o paulo","equipamentos para refrigera\u00e7\u00e3o em sp","equipamentos para refrigera\u00e7\u00e3o na baixada santista","equipamentos para refrigera\u00e7\u00e3o na zona leste","equipamentos para refrigera\u00e7\u00e3o na zona norte","equipamentos para refrigera\u00e7\u00e3o na zona oeste","equipamentos para refrigera\u00e7\u00e3o na zona sul","equipamentos para refrigera\u00e7\u00e3o no ABC","equipamentos para refrigera\u00e7\u00e3o no centro","equipamentos para refrigera\u00e7\u00e3o onde encontrar","equipamentos para refrigera\u00e7\u00e3o perto de mim","equipamentos para refrigera\u00e7\u00e3o pre\u00e7o","equipamentos para refrigera\u00e7\u00e3o pr\u00f3ximo a mim","f\u00e1brica de equipamentos para refrigera\u00e7\u00e3o","fabricante de equipamentos para refrigera\u00e7\u00e3o","fornecedor de equipamentos para refrigera\u00e7\u00e3o","funcionalidades equipamentos de refrigera\u00e7\u00e3o","importancia dos equipamentos de refrigera\u00e7\u00e3o","loja de equipamentos para refrigera\u00e7\u00e3o","revendedor de equipamentos para refrigera\u00e7\u00e3o","vantagens do balc\u00e3o refrigerado"],"articleSection":["balc\u00e3o a\u00e7o inox"],"inLanguage":"pt-BR","potentialAction":[{"@type":"CommentAction","name":"Comment","target":["https:\/\/www.gsteel.com.br\/blog\/2026\/01\/14\/a-importancia-dos-equipamentos-de-refrigeracao\/#respond"]}]},{"@type":"WebPage","@id":"https:\/\/www.gsteel.com.br\/blog\/2026\/01\/14\/a-importancia-dos-equipamentos-de-refrigeracao\/","url":"https:\/\/www.gsteel.com.br\/blog\/2026\/01\/14\/a-importancia-dos-equipamentos-de-refrigeracao\/","name":"A import\u00e2ncia dos equipamentos de refrigera\u00e7\u00e3o","isPartOf":{"@id":"https:\/\/www.gsteel.com.br\/blog\/#website"},"primaryImageOfPage":{"@id":"https:\/\/www.gsteel.com.br\/blog\/2026\/01\/14\/a-importancia-dos-equipamentos-de-refrigeracao\/#primaryimage"},"image":{"@id":"https:\/\/www.gsteel.com.br\/blog\/2026\/01\/14\/a-importancia-dos-equipamentos-de-refrigeracao\/#primaryimage"},"thumbnailUrl":"https:\/\/www.gsteel.com.br\/blog\/wp-content\/uploads\/2022\/01\/equipamentos-de-refrigeracao.jpeg","datePublished":"2026-01-14T11:06:09+00:00","dateModified":"2026-01-14T11:06:10+00:00","description":"Est\u00e1 pensando em investir em equipamentos de refrigera\u00e7\u00e3o? Saiba a import\u00e2ncia dessas m\u00e1quinas para as produ\u00e7\u00f5es na cozinha industrial!","breadcrumb":{"@id":"https:\/\/www.gsteel.com.br\/blog\/2026\/01\/14\/a-importancia-dos-equipamentos-de-refrigeracao\/#breadcrumb"},"inLanguage":"pt-BR","potentialAction":[{"@type":"ReadAction","target":["https:\/\/www.gsteel.com.br\/blog\/2026\/01\/14\/a-importancia-dos-equipamentos-de-refrigeracao\/"]}]},{"@type":"ImageObject","inLanguage":"pt-BR","@id":"https:\/\/www.gsteel.com.br\/blog\/2026\/01\/14\/a-importancia-dos-equipamentos-de-refrigeracao\/#primaryimage","url":"https:\/\/www.gsteel.com.br\/blog\/wp-content\/uploads\/2022\/01\/equipamentos-de-refrigeracao.jpeg","contentUrl":"https:\/\/www.gsteel.com.br\/blog\/wp-content\/uploads\/2022\/01\/equipamentos-de-refrigeracao.jpeg","width":1280,"height":854,"caption":"equipamentos de refrigera\u00e7\u00e3o"},{"@type":"BreadcrumbList","@id":"https:\/\/www.gsteel.com.br\/blog\/2026\/01\/14\/a-importancia-dos-equipamentos-de-refrigeracao\/#breadcrumb","itemListElement":[{"@type":"ListItem","position":1,"name":"In\u00edcio","item":"https:\/\/www.gsteel.com.br\/blog\/"},{"@type":"ListItem","position":2,"name":"A import\u00e2ncia dos equipamentos de refrigera\u00e7\u00e3o em uma cozinha industrial"}]},{"@type":"WebSite","@id":"https:\/\/www.gsteel.com.br\/blog\/#website","url":"https:\/\/www.gsteel.com.br\/blog\/","name":"Gsteel","description":"Blog","publisher":{"@id":"https:\/\/www.gsteel.com.br\/blog\/#organization"},"potentialAction":[{"@type":"SearchAction","target":{"@type":"EntryPoint","urlTemplate":"https:\/\/www.gsteel.com.br\/blog\/?s={search_term_string}"},"query-input":{"@type":"PropertyValueSpecification","valueRequired":true,"valueName":"search_term_string"}}],"inLanguage":"pt-BR"},{"@type":"Organization","@id":"https:\/\/www.gsteel.com.br\/blog\/#organization","name":"Gsteel","url":"https:\/\/www.gsteel.com.br\/blog\/","logo":{"@type":"ImageObject","inLanguage":"pt-BR","@id":"https:\/\/www.gsteel.com.br\/blog\/#\/schema\/logo\/image\/","url":"https:\/\/www.gsteel.com.br\/blog\/wp-content\/uploads\/2021\/10\/logoGSTEEL.png","contentUrl":"https:\/\/www.gsteel.com.br\/blog\/wp-content\/uploads\/2021\/10\/logoGSTEEL.png","width":131,"height":47,"caption":"Gsteel"},"image":{"@id":"https:\/\/www.gsteel.com.br\/blog\/#\/schema\/logo\/image\/"}},{"@type":"Person","@id":"https:\/\/www.gsteel.com.br\/blog\/#\/schema\/person\/28e05fa77cfe34acae514b85d18dd169","name":"admin","image":{"@type":"ImageObject","inLanguage":"pt-BR","@id":"https:\/\/www.gsteel.com.br\/blog\/#\/schema\/person\/image\/","url":"https:\/\/secure.gravatar.com\/avatar\/44fe48476a51cc905bda53ed1643436406bdaa56cbfe0f84f13093482406ba6f?s=96&d=mm&r=g","contentUrl":"https:\/\/secure.gravatar.com\/avatar\/44fe48476a51cc905bda53ed1643436406bdaa56cbfe0f84f13093482406ba6f?s=96&d=mm&r=g","caption":"admin"},"sameAs":["https:\/\/www.gsteel.com.br\/blog"],"url":"https:\/\/www.gsteel.com.br\/blog\/author\/admin\/"}]}},"_links":{"self":[{"href":"https:\/\/www.gsteel.com.br\/blog\/wp-json\/wp\/v2\/posts\/77","targetHints":{"allow":["GET"]}}],"collection":[{"href":"https:\/\/www.gsteel.com.br\/blog\/wp-json\/wp\/v2\/posts"}],"about":[{"href":"https:\/\/www.gsteel.com.br\/blog\/wp-json\/wp\/v2\/types\/post"}],"author":[{"embeddable":true,"href":"https:\/\/www.gsteel.com.br\/blog\/wp-json\/wp\/v2\/users\/1"}],"replies":[{"embeddable":true,"href":"https:\/\/www.gsteel.com.br\/blog\/wp-json\/wp\/v2\/comments?post=77"}],"version-history":[{"count":3,"href":"https:\/\/www.gsteel.com.br\/blog\/wp-json\/wp\/v2\/posts\/77\/revisions"}],"predecessor-version":[{"id":888,"href":"https:\/\/www.gsteel.com.br\/blog\/wp-json\/wp\/v2\/posts\/77\/revisions\/888"}],"wp:featuredmedia":[{"embeddable":true,"href":"https:\/\/www.gsteel.com.br\/blog\/wp-json\/wp\/v2\/media\/81"}],"wp:attachment":[{"href":"https:\/\/www.gsteel.com.br\/blog\/wp-json\/wp\/v2\/media?parent=77"}],"wp:term":[{"taxonomy":"category","embeddable":true,"href":"https:\/\/www.gsteel.com.br\/blog\/wp-json\/wp\/v2\/categories?post=77"},{"taxonomy":"post_tag","embeddable":true,"href":"https:\/\/www.gsteel.com.br\/blog\/wp-json\/wp\/v2\/tags?post=77"}],"curies":[{"name":"wp","href":"https:\/\/api.w.org\/{rel}","templated":true}]}}