{"id":426,"date":"2023-08-25T10:00:00","date_gmt":"2023-08-25T13:00:00","guid":{"rendered":"https:\/\/www.gsteel.com.br\/blog\/?p=426"},"modified":"2023-08-25T13:23:11","modified_gmt":"2023-08-25T16:23:11","slug":"praticidade-e-higiene-moveis-sob-medida-em-aco-inox","status":"publish","type":"post","link":"https:\/\/www.gsteel.com.br\/blog\/2023\/08\/25\/praticidade-e-higiene-moveis-sob-medida-em-aco-inox\/","title":{"rendered":"Praticidade e higiene: m\u00f3veis sob medida em a\u00e7o inox"},"content":{"rendered":"<span class=\"span-reading-time rt-reading-time\" style=\"display: block;\"><span class=\"rt-label rt-prefix\">Tempo de leitura:<\/span> <span class=\"rt-time\"> 3<\/span> <span class=\"rt-label rt-postfix\">minutos<\/span><\/span>\n<p>Primeiramente, se voc\u00ea j\u00e1 se perguntou sobre a crescente popularidade dos m\u00f3veis sob medida em a\u00e7o inox, n\u00e3o est\u00e1 sozinho.\u00a0<\/p>\n\n\n\n<p>Em um mundo onde a est\u00e9tica encontra funcionalidade, a escolha de materiais de qualidade para m\u00f3veis \u00e9 essencial.\u00a0<\/p>\n\n\n\n<ul class=\"wp-block-list\">\n<li><a href=\"https:\/\/www.gsteel.com.br\/blog\/2023\/08\/18\/resistencia-e-durabilidade-conheca-o-aco-inox-em-maua\/\">Resist\u00eancia e durabilidade: conhe\u00e7a o a\u00e7o inox em Mau\u00e1<\/a><\/li>\n<\/ul>\n\n\n\n<p>Por isso, a <a href=\"https:\/\/www.gsteel.com.br\/\">GSteel<\/a> traz este artigo, sobre a praticidade e higiene oferecidas por m\u00f3veis feitos de a\u00e7o inox, destacando suas principais caracter\u00edsticas e benef\u00edcios.&nbsp;<\/p>\n\n\n\n<p>Tamb\u00e9m abordaremos os problemas do a\u00e7o comum e nos principais m\u00f3veis sob medida em a\u00e7o inox.<\/p>\n\n\n\n<p><a href=\"https:\/\/www.gsteel.com.br\/empresa\">Conhe\u00e7a mais da GSteel<\/a>, l\u00edder em m\u00f3veis de a\u00e7o inox sob medida.<\/p>\n\n\n\n<div id=\"ez-toc-container\" class=\"ez-toc-v2_0_81 counter-hierarchy ez-toc-counter ez-toc-grey ez-toc-container-direction\">\n<div class=\"ez-toc-title-container\">\n<p class=\"ez-toc-title\" style=\"cursor:inherit\">Sum\u00e1rio<\/p>\n<span class=\"ez-toc-title-toggle\"><a href=\"#\" class=\"ez-toc-pull-right ez-toc-btn ez-toc-btn-xs ez-toc-btn-default ez-toc-toggle\" aria-label=\"Alternar tabela de conte\u00fado\"><span class=\"ez-toc-js-icon-con\"><span class=\"\"><span class=\"eztoc-hide\" style=\"display:none;\">Toggle<\/span><span class=\"ez-toc-icon-toggle-span\"><svg style=\"fill: #999;color:#999\" xmlns=\"http:\/\/www.w3.org\/2000\/svg\" class=\"list-377408\" width=\"20px\" height=\"20px\" viewBox=\"0 0 24 24\" fill=\"none\"><path d=\"M6 6H4v2h2V6zm14 0H8v2h12V6zM4 11h2v2H4v-2zm16 0H8v2h12v-2zM4 16h2v2H4v-2zm16 0H8v2h12v-2z\" fill=\"currentColor\"><\/path><\/svg><svg style=\"fill: #999;color:#999\" class=\"arrow-unsorted-368013\" xmlns=\"http:\/\/www.w3.org\/2000\/svg\" width=\"10px\" height=\"10px\" viewBox=\"0 0 24 24\" version=\"1.2\" baseProfile=\"tiny\"><path d=\"M18.2 9.3l-6.2-6.3-6.2 6.3c-.2.2-.3.4-.3.7s.1.5.3.7c.2.2.4.3.7.3h11c.3 0 .5-.1.7-.3.2-.2.3-.5.3-.7s-.1-.5-.3-.7zM5.8 14.7l6.2 6.3 6.2-6.3c.2-.2.3-.5.3-.7s-.1-.5-.3-.7c-.2-.2-.4-.3-.7-.3h-11c-.3 0-.5.1-.7.3-.2.2-.3.5-.3.7s.1.5.3.7z\"\/><\/svg><\/span><\/span><\/span><\/a><\/span><\/div>\n<nav><ul class='ez-toc-list ez-toc-list-level-1 ' ><li class='ez-toc-page-1 ez-toc-heading-level-2'><a class=\"ez-toc-link ez-toc-heading-1\" href=\"https:\/\/www.gsteel.com.br\/blog\/2023\/08\/25\/praticidade-e-higiene-moveis-sob-medida-em-aco-inox\/#Por_que_nao_utilizar_aco_comum\" >Por que n\u00e3o utilizar a\u00e7o comum?<\/a><\/li><li class='ez-toc-page-1 ez-toc-heading-level-2'><a class=\"ez-toc-link ez-toc-heading-2\" href=\"https:\/\/www.gsteel.com.br\/blog\/2023\/08\/25\/praticidade-e-higiene-moveis-sob-medida-em-aco-inox\/#Moveis_mais_utilizados_em_aco_inox\" >M\u00f3veis mais utilizados em a\u00e7o inox<\/a><\/li><li class='ez-toc-page-1 ez-toc-heading-level-2'><a class=\"ez-toc-link ez-toc-heading-3\" href=\"https:\/\/www.gsteel.com.br\/blog\/2023\/08\/25\/praticidade-e-higiene-moveis-sob-medida-em-aco-inox\/#GSteel_referencia_na_fabricacao_de_moveis_sob_medida_em_aco_inox\" >GSteel: refer\u00eancia na fabrica\u00e7\u00e3o de m\u00f3veis sob medida em a\u00e7o inox<\/a><\/li><\/ul><\/nav><\/div>\n<h2 class=\"wp-block-heading\"><span class=\"ez-toc-section\" id=\"Por_que_nao_utilizar_aco_comum\"><\/span>Por que n\u00e3o utilizar a\u00e7o comum?<span class=\"ez-toc-section-end\"><\/span><\/h2>\n\n\n\n<p>Sobretudo, o a\u00e7o comum, embora mais barato inicialmente, tem um custo oculto.&nbsp;<\/p>\n\n\n\n<p>Isso porque ele \u00e9 suscet\u00edvel \u00e0 corros\u00e3o, especialmente quando exposto a ambientes \u00famidos.&nbsp;<\/p>\n\n\n\n<p>Ao longo do tempo, o desgaste acelerado pode compromete a integridade do m\u00f3vel, tornando-o menos confi\u00e1vel e seguro.<\/p>\n\n\n<div class=\"wp-block-image\">\n<figure class=\"alignright size-full is-resized\"><img loading=\"lazy\" decoding=\"async\" src=\"https:\/\/www.gsteel.com.br\/blog\/wp-content\/uploads\/2023\/08\/20230825192849_fpdl.in_longas-tiras-de-aluminio-enroladas-em-correias-transportadoras-na-industria-de-aluminio-generativa-ai_124507-65650_normal.jpg\" alt=\"Praticidade e higiene: m\u00f3veis sob medida em a\u00e7o inox\" class=\"wp-image-429\" style=\"width:311px;height:207px\" width=\"311\" height=\"207\" srcset=\"https:\/\/www.gsteel.com.br\/blog\/wp-content\/uploads\/2023\/08\/20230825192849_fpdl.in_longas-tiras-de-aluminio-enroladas-em-correias-transportadoras-na-industria-de-aluminio-generativa-ai_124507-65650_normal.jpg 626w, https:\/\/www.gsteel.com.br\/blog\/wp-content\/uploads\/2023\/08\/20230825192849_fpdl.in_longas-tiras-de-aluminio-enroladas-em-correias-transportadoras-na-industria-de-aluminio-generativa-ai_124507-65650_normal-300x200.jpg 300w\" sizes=\"auto, (max-width: 311px) 100vw, 311px\" \/><\/figure>\n<\/div>\n\n\n<p>Al\u00e9m disso, diferente do a\u00e7o inox, o a\u00e7o comum costuma descolorir com o tempo, perdendo seu brilho original.&nbsp;<\/p>\n\n\n\n<p>Isso afeta a est\u00e9tica do seu espa\u00e7o, tornando os m\u00f3veis menos atraentes ao olhar.<\/p>\n\n\n\n<p>Juntamente com isso, o a\u00e7o comum exige manuten\u00e7\u00e3o regular para prevenir a ferrugem e manter sua apar\u00eancia.<\/p>\n\n\n\n<p>E este processo de manuten\u00e7\u00e3o \u00e9 demorado e caro, especialmente se for necess\u00e1rio repintar ou tratar o metal regularmente.<\/p>\n\n\n\n<ul class=\"wp-block-list\">\n<li><a href=\"https:\/\/www.gsteel.com.br\/blog\/2023\/08\/11\/armario-de-cozinha-em-aco-inox-ideal-para-sua-casa\/\">Arm\u00e1rio de cozinha em a\u00e7o inox: ideal para sua casa<\/a><\/li>\n<\/ul>\n\n\n\n<h2 class=\"wp-block-heading\"><span class=\"ez-toc-section\" id=\"Moveis_mais_utilizados_em_aco_inox\"><\/span>M\u00f3veis mais utilizados em a\u00e7o inox<span class=\"ez-toc-section-end\"><\/span><\/h2>\n\n\n\n<p>Sobretudo, o a\u00e7o inox \u00e9 resistente \u00e0 corros\u00e3o, f\u00e1cil de limpar e tem uma apar\u00eancia mais est\u00e9tica em compara\u00e7\u00e3o com o a\u00e7o comum.\u00a0<\/p>\n\n\n\n<p>Portanto, ele tamb\u00e9m \u00e9 mais dur\u00e1vel, o que significa que os m\u00f3veis feitos deste material tendem a ter uma vida \u00fatil mais longa.<\/p>\n\n\n\n<p>Abaixo voc\u00ea conhece os m\u00f3veis em a\u00e7o inox mais utilizados:<\/p>\n\n\n\n<p><strong>Mesas e bancadas:<\/strong> ideais para cozinhas e laborat\u00f3rios, as mesas e bancadas em a\u00e7o inox oferecem uma superf\u00edcie de trabalho higi\u00eanica e resistente ao calor.<\/p>\n\n\n\n<p><strong>Arm\u00e1rios e prateleiras:<\/strong> estes s\u00e3o perfeitos para \u00e1reas que exigem limpeza e higiene rigorosas, como hospitais e cozinhas industriais.&nbsp;<\/p>\n\n\n\n<p>Isso porque sua superf\u00edcie lisa e n\u00e3o porosa impede o ac\u00famulo de sujeira.<\/p>\n\n\n\n<p><strong>Balc\u00f5es e estantes:<\/strong> a resist\u00eancia e a durabilidade do a\u00e7o inox fazem dele a escolha ideal para m\u00f3veis que suportam cargas pesadas, como balc\u00f5es e estantes.<\/p>\n\n\n\n<ul class=\"wp-block-list\">\n<li><a href=\"https:\/\/www.gsteel.com.br\/blog\/2023\/08\/11\/armario-de-cozinha-em-aco-inox-ideal-para-sua-casa\/\">Arm\u00e1rio de cozinha em a\u00e7o inox: ideal para sua casa<\/a><\/li>\n<\/ul>\n\n\n\n<h2 class=\"wp-block-heading\"><span class=\"ez-toc-section\" id=\"GSteel_referencia_na_fabricacao_de_moveis_sob_medida_em_aco_inox\"><\/span>GSteel: refer\u00eancia na fabrica\u00e7\u00e3o de m\u00f3veis sob medida em a\u00e7o inox<span class=\"ez-toc-section-end\"><\/span><\/h2>\n\n\n\n<p>Fundada em 2014, a <a href=\"https:\/\/www.gsteel.com.br\/\">GSteel<\/a> rapidamente se estabeleceu como l\u00edder no mercado de m\u00f3veis de a\u00e7o inox sob medida.&nbsp;<\/p>\n\n\n\n<p>Nos orgulhamos de combinar tecnologia moderna com praticidade para produzir m\u00f3veis de alta qualidade.<\/p>\n\n\n\n<p>Isso \u00e9 resultado do nosso compromisso em oferecer produtos de excel\u00eancia a seus clientes.<\/p>\n\n\n\n<ul class=\"wp-block-list\">\n<li><a href=\"https:\/\/www.gsteel.com.br\/blog\/2023\/08\/04\/inox-sob-medida-vale-a-pena\/\">Inox sob medida \u2013 vale a pena?<\/a><\/li>\n<\/ul>\n\n\n\n<p>Seja na cozinha, no laborat\u00f3rio ou no escrit\u00f3rio, esses m\u00f3veis s\u00e3o sin\u00f4nimo de qualidade, e ao considerar suas op\u00e7\u00f5es de mobili\u00e1rio, o a\u00e7o inox \u00e9 a escolha ideal para voc\u00ea.<\/p>\n\n\n\n<p><a href=\"https:\/\/www.gsteel.com.br\/contato\">Solicite o seu or\u00e7amento<\/a> com um de nossos consultores.<\/p>\n","protected":false},"excerpt":{"rendered":"<p><span class=\"span-reading-time rt-reading-time\" style=\"display: block;\"><span class=\"rt-label rt-prefix\">Tempo de leitura:<\/span> <span class=\"rt-time\"> 3<\/span> <span class=\"rt-label rt-postfix\">minutos<\/span><\/span>Primeiramente, se voc\u00ea j\u00e1 se perguntou sobre a crescente popularidade dos m\u00f3veis sob medida em a\u00e7o inox, n\u00e3o est\u00e1 sozinho.\u00a0 Em um mundo onde a est\u00e9tica encontra funcionalidade, a escolha de materiais de qualidade para m\u00f3veis \u00e9 essencial.\u00a0 Por isso, a GSteel traz este artigo, sobre a praticidade e higiene oferecidas por m\u00f3veis feitos de &hellip; <\/p>\n","protected":false},"author":1,"featured_media":427,"comment_status":"open","ping_status":"open","sticky":false,"template":"","format":"standard","meta":{"footnotes":""},"categories":[3281,2922,1897],"tags":[3051,3741,3652,3043,3664,3019,3011,3753,3765,3729,3067,3003,3075,3682,3738,3649,3672,3661,3638,3628,3750,3762,3726,3704,3618,3715,3686,3743,3654,3676,3666,3642,3632,3755,3767,3731,3708,3622,3719,2931,3528,3532,3526,3529,3527,3525,1115,3531,3524,3530,3533,3680,3735,3646,3670,3658,3636,3626,3747,3759,3723,3701,3616,3712,2971,3578,3582,3576,3579,3577,3575,1149,3581,3574,3580,3583,2979,3588,3592,3586,3589,3587,3585,1156,3591,3584,3590,3593,2939,3538,3542,3536,3539,3537,3535,1122,3541,3534,3540,3543,2947,3548,3552,3546,3549,3547,3545,667,3551,3544,3550,3553,2955,3558,3562,3556,3559,3557,3555,1135,3561,3554,3560,3563,2963,3568,3572,3566,3569,3567,3565,1142,3571,3564,3570,3573,2995,3608,3612,3606,3609,3607,3605,1170,3611,3604,3610,3613,3683,3739,3650,3673,3662,3639,3629,3751,3763,3727,3705,3619,3716,3681,3737,3648,3671,3660,3637,3627,3749,3761,3725,3703,3617,3714,3679,3734,3645,3669,3657,3635,3625,3746,3758,3722,3700,3615,3711,1220,3736,3647,1213,3659,1191,1184,3748,3760,3724,3702,1177,3713,3685,3742,3653,3675,3665,3641,3631,3754,3766,3730,3707,3621,3718,3678,3733,3644,3668,3656,3634,3624,3745,3757,3721,3699,3614,3710,2924,3519,3522,3516,3518,3515,3517,3521,3514,3520,3523,3684,3740,3651,3674,3663,3640,3630,3752,3764,3728,3706,3620,3717,3687,3744,3655,3677,3667,3643,3633,3756,3768,3732,3709,3623,3720,2987,3598,3602,3596,3599,3597,3595,1163,3601,3594,3600,3603,3059,3693,3697,3690,3694,3692,3689,3691,3696,3688,3695,3698],"class_list":["post-426","post","type-post","status-publish","format-standard","has-post-thumbnail","hentry","category-aco-inox","category-inox-sob-medida","category-mesas-e-bancadas-em-inox","tag-aco-inox-sob-medida-direto-da-fabrica","tag-aco-inox-sob-medida-em-diadema","tag-aco-inox-sob-medida-em-maua","tag-aco-inox-sob-medida-em-promocao","tag-aco-inox-sob-medida-em-santo-andre","tag-aco-inox-sob-medida-em-sao-paulo","tag-aco-inox-sob-medida-em-sp","tag-aco-inox-sob-medida-em-vila-santa-cecilia","tag-aco-inox-sob-medida-na-zona-sul","tag-aco-inox-sob-medida-no-abc","tag-aco-inox-sob-medida-perto-de-mim","tag-aco-inox-sob-medida-preco","tag-aco-inox-sob-medida-proximo-a-mim","tag-armario-de-aco-direto-da-fabrica","tag-armario-de-aco-em-diadema","tag-armario-de-aco-em-maua","tag-armario-de-aco-em-promocao","tag-armario-de-aco-em-santo-andre","tag-armario-de-aco-em-sao-paulo","tag-armario-de-aco-em-sp","tag-armario-de-aco-em-vila-santa-cecilia","tag-armario-de-aco-na-zona-sul","tag-armario-de-aco-no-abc","tag-armario-de-aco-perto-de-mim","tag-armario-de-aco-preco","tag-armario-de-aco-proximo-a-mim","tag-bancadas-em-aco-inox-sob-medida-direto-da-fabrica","tag-bancadas-em-aco-inox-sob-medida-em-diadema","tag-bancadas-em-aco-inox-sob-medida-em-maua","tag-bancadas-em-aco-inox-sob-medida-em-promocao","tag-bancadas-em-aco-inox-sob-medida-em-santo-andre","tag-bancadas-em-aco-inox-sob-medida-em-sao-paulo","tag-bancadas-em-aco-inox-sob-medida-em-sp","tag-bancadas-em-aco-inox-sob-medida-em-vila-santa-cecilia","tag-bancadas-em-aco-inox-sob-medida-na-zona-sul","tag-bancadas-em-aco-inox-sob-medida-no-abc","tag-bancadas-em-aco-inox-sob-medida-perto-de-mim","tag-bancadas-em-aco-inox-sob-medida-preco","tag-bancadas-em-aco-inox-sob-medida-proximo-a-mim","tag-comprar-aco-inox-sob-medida","tag-comprar-armario-de-aco","tag-comprar-bancadas-em-aco-inox-sob-medida","tag-comprar-cozinha-planejada-de-aco","tag-comprar-mesas-em-aco-inox-sob-medida","tag-comprar-moveis-de-aco-para-cozinha","tag-comprar-moveis-de-inox-para-cozinha","tag-comprar-moveis-em-aco-inox","tag-comprar-moveis-planejados-em-aco-inox-sob-medida","tag-comprar-moveis-sob-medida-em-aco-inox","tag-comprar-pecas-em-aco-inox-sob-medida","tag-comprar-prateleiras-em-aco-inox-sob-medida","tag-cozinha-planejada-de-aco-direto-da-fabrica","tag-cozinha-planejada-de-aco-em-diadema","tag-cozinha-planejada-de-aco-em-maua","tag-cozinha-planejada-de-aco-em-promocao","tag-cozinha-planejada-de-aco-em-santo-andre","tag-cozinha-planejada-de-aco-em-sao-paulo","tag-cozinha-planejada-de-aco-em-sp","tag-cozinha-planejada-de-aco-em-vila-santa-cecilia","tag-cozinha-planejada-de-aco-na-zona-sul","tag-cozinha-planejada-de-aco-no-abc","tag-cozinha-planejada-de-aco-perto-de-mim","tag-cozinha-planejada-de-aco-preco","tag-cozinha-planejada-de-aco-proximo-a-mim","tag-distribuidor-de-aco-inox-sob-medida","tag-distribuidor-de-armario-de-aco","tag-distribuidor-de-bancadas-em-aco-inox-sob-medida","tag-distribuidor-de-cozinha-planejada-de-aco","tag-distribuidor-de-mesas-em-aco-inox-sob-medida","tag-distribuidor-de-moveis-de-aco-para-cozinha","tag-distribuidor-de-moveis-de-inox-para-cozinha","tag-distribuidor-de-moveis-em-aco-inox","tag-distribuidor-de-moveis-planejados-em-aco-inox-sob-medida","tag-distribuidor-de-moveis-sob-medida-em-aco-inox","tag-distribuidor-de-pecas-em-aco-inox-sob-medida","tag-distribuidor-de-prateleiras-em-aco-inox-sob-medida","tag-distribuidora-de-aco-inox-sob-medida","tag-distribuidora-de-armario-de-aco","tag-distribuidora-de-bancadas-em-aco-inox-sob-medida","tag-distribuidora-de-cozinha-planejada-de-aco","tag-distribuidora-de-mesas-em-aco-inox-sob-medida","tag-distribuidora-de-moveis-de-aco-para-cozinha","tag-distribuidora-de-moveis-de-inox-para-cozinha","tag-distribuidora-de-moveis-em-aco-inox","tag-distribuidora-de-moveis-planejados-em-aco-inox-sob-medida","tag-distribuidora-de-moveis-sob-medida-em-aco-inox","tag-distribuidora-de-pecas-em-aco-inox-sob-medida","tag-distribuidora-de-prateleiras-em-aco-inox-sob-medida","tag-empresa-de-aco-inox-sob-medida","tag-empresa-de-armario-de-aco","tag-empresa-de-bancadas-em-aco-inox-sob-medida","tag-empresa-de-cozinha-planejada-de-aco","tag-empresa-de-mesas-em-aco-inox-sob-medida","tag-empresa-de-moveis-de-aco-para-cozinha","tag-empresa-de-moveis-de-inox-para-cozinha","tag-empresa-de-moveis-em-aco-inox","tag-empresa-de-moveis-planejados-em-aco-inox-sob-medida","tag-empresa-de-moveis-sob-medida-em-aco-inox","tag-empresa-de-pecas-em-aco-inox-sob-medida","tag-empresa-de-prateleiras-em-aco-inox-sob-medida","tag-fabrica-de-aco-inox-sob-medida","tag-fabrica-de-armario-de-aco","tag-fabrica-de-bancadas-em-aco-inox-sob-medida","tag-fabrica-de-cozinha-planejada-de-aco","tag-fabrica-de-mesas-em-aco-inox-sob-medida","tag-fabrica-de-moveis-de-aco-para-cozinha","tag-fabrica-de-moveis-de-inox-para-cozinha","tag-fabrica-de-moveis-em-aco-inox","tag-fabrica-de-moveis-planejados-em-aco-inox-sob-medida","tag-fabrica-de-moveis-sob-medida-em-aco-inox","tag-fabrica-de-pecas-em-aco-inox-sob-medida","tag-fabrica-de-prateleiras-em-aco-inox-sob-medida","tag-fabricante-de-aco-inox-sob-medida","tag-fabricante-de-armario-de-aco","tag-fabricante-de-bancadas-em-aco-inox-sob-medida","tag-fabricante-de-cozinha-planejada-de-aco","tag-fabricante-de-mesas-em-aco-inox-sob-medida","tag-fabricante-de-moveis-de-aco-para-cozinha","tag-fabricante-de-moveis-de-inox-para-cozinha","tag-fabricante-de-moveis-em-aco-inox","tag-fabricante-de-moveis-planejados-em-aco-inox-sob-medida","tag-fabricante-de-moveis-sob-medida-em-aco-inox","tag-fabricante-de-pecas-em-aco-inox-sob-medida","tag-fabricante-de-prateleiras-em-aco-inox-sob-medida","tag-fornecedor-de-aco-inox-sob-medida","tag-fornecedor-de-armario-de-aco","tag-fornecedor-de-bancadas-em-aco-inox-sob-medida","tag-fornecedor-de-cozinha-planejada-de-aco","tag-fornecedor-de-mesas-em-aco-inox-sob-medida","tag-fornecedor-de-moveis-de-aco-para-cozinha","tag-fornecedor-de-moveis-de-inox-para-cozinha","tag-fornecedor-de-moveis-em-aco-inox","tag-fornecedor-de-moveis-planejados-em-aco-inox-sob-medida","tag-fornecedor-de-moveis-sob-medida-em-aco-inox","tag-fornecedor-de-pecas-em-aco-inox-sob-medida","tag-fornecedor-de-prateleiras-em-aco-inox-sob-medida","tag-loja-de-aco-inox-sob-medida","tag-loja-de-armario-de-aco","tag-loja-de-bancadas-em-aco-inox-sob-medida","tag-loja-de-cozinha-planejada-de-aco","tag-loja-de-mesas-em-aco-inox-sob-medida","tag-loja-de-moveis-de-aco-para-cozinha","tag-loja-de-moveis-de-inox-para-cozinha","tag-loja-de-moveis-em-aco-inox","tag-loja-de-moveis-planejados-em-aco-inox-sob-medida","tag-loja-de-moveis-sob-medida-em-aco-inox","tag-loja-de-pecas-em-aco-inox-sob-medida","tag-loja-de-prateleiras-em-aco-inox-sob-medida","tag-mesas-em-aco-inox-sob-medida-direto-da-fabrica","tag-mesas-em-aco-inox-sob-medida-em-diadema","tag-mesas-em-aco-inox-sob-medida-em-maua","tag-mesas-em-aco-inox-sob-medida-em-promocao","tag-mesas-em-aco-inox-sob-medida-em-santo-andre","tag-mesas-em-aco-inox-sob-medida-em-sao-paulo","tag-mesas-em-aco-inox-sob-medida-em-sp","tag-mesas-em-aco-inox-sob-medida-em-vila-santa-cecilia","tag-mesas-em-aco-inox-sob-medida-na-zona-sul","tag-mesas-em-aco-inox-sob-medida-no-abc","tag-mesas-em-aco-inox-sob-medida-perto-de-mim","tag-mesas-em-aco-inox-sob-medida-preco","tag-mesas-em-aco-inox-sob-medida-proximo-a-mim","tag-moveis-de-aco-para-cozinha-direto-da-fabrica","tag-moveis-de-aco-para-cozinha-em-diadema","tag-moveis-de-aco-para-cozinha-em-maua","tag-moveis-de-aco-para-cozinha-em-promocao","tag-moveis-de-aco-para-cozinha-em-santo-andre","tag-moveis-de-aco-para-cozinha-em-sao-paulo","tag-moveis-de-aco-para-cozinha-em-sp","tag-moveis-de-aco-para-cozinha-em-vila-santa-cecilia","tag-moveis-de-aco-para-cozinha-na-zona-sul","tag-moveis-de-aco-para-cozinha-no-abc","tag-moveis-de-aco-para-cozinha-perto-de-mim","tag-moveis-de-aco-para-cozinha-preco","tag-moveis-de-aco-para-cozinha-proximo-a-mim","tag-moveis-de-inox-para-cozinha-direto-da-fabrica","tag-moveis-de-inox-para-cozinha-em-diadema","tag-moveis-de-inox-para-cozinha-em-maua","tag-moveis-de-inox-para-cozinha-em-promocao","tag-moveis-de-inox-para-cozinha-em-santo-andre","tag-moveis-de-inox-para-cozinha-em-sao-paulo","tag-moveis-de-inox-para-cozinha-em-sp","tag-moveis-de-inox-para-cozinha-em-vila-santa-cecilia","tag-moveis-de-inox-para-cozinha-na-zona-sul","tag-moveis-de-inox-para-cozinha-no-abc","tag-moveis-de-inox-para-cozinha-perto-de-mim","tag-moveis-de-inox-para-cozinha-preco","tag-moveis-de-inox-para-cozinha-proximo-a-mim","tag-moveis-em-aco-inox-direto-da-fabrica","tag-moveis-em-aco-inox-em-diadema","tag-moveis-em-aco-inox-em-maua","tag-moveis-em-aco-inox-em-promocao","tag-moveis-em-aco-inox-em-santo-andre","tag-moveis-em-aco-inox-em-sao-paulo","tag-moveis-em-aco-inox-em-sp","tag-moveis-em-aco-inox-em-vila-santa-cecilia","tag-moveis-em-aco-inox-na-zona-sul","tag-moveis-em-aco-inox-no-abc","tag-moveis-em-aco-inox-perto-de-mim","tag-moveis-em-aco-inox-preco","tag-moveis-em-aco-inox-proximo-a-mim","tag-moveis-planejados-em-aco-inox-sob-medida-direto-da-fabrica","tag-moveis-planejados-em-aco-inox-sob-medida-em-diadema","tag-moveis-planejados-em-aco-inox-sob-medida-em-maua","tag-moveis-planejados-em-aco-inox-sob-medida-em-promocao","tag-moveis-planejados-em-aco-inox-sob-medida-em-santo-andre","tag-moveis-planejados-em-aco-inox-sob-medida-em-sao-paulo","tag-moveis-planejados-em-aco-inox-sob-medida-em-sp","tag-moveis-planejados-em-aco-inox-sob-medida-em-vila-santa-cecilia","tag-moveis-planejados-em-aco-inox-sob-medida-na-zona-sul","tag-moveis-planejados-em-aco-inox-sob-medida-no-abc","tag-moveis-planejados-em-aco-inox-sob-medida-perto-de-mim","tag-moveis-planejados-em-aco-inox-sob-medida-preco","tag-moveis-planejados-em-aco-inox-sob-medida-proximo-a-mim","tag-moveis-sob-medida-em-aco-inox-direto-da-fabrica","tag-moveis-sob-medida-em-aco-inox-em-diadema","tag-moveis-sob-medida-em-aco-inox-em-maua","tag-moveis-sob-medida-em-aco-inox-em-promocao","tag-moveis-sob-medida-em-aco-inox-em-santo-andre","tag-moveis-sob-medida-em-aco-inox-em-sao-paulo","tag-moveis-sob-medida-em-aco-inox-em-sp","tag-moveis-sob-medida-em-aco-inox-em-vila-santa-cecilia","tag-moveis-sob-medida-em-aco-inox-na-zona-sul","tag-moveis-sob-medida-em-aco-inox-no-abc","tag-moveis-sob-medida-em-aco-inox-perto-de-mim","tag-moveis-sob-medida-em-aco-inox-preco","tag-moveis-sob-medida-em-aco-inox-proximo-a-mim","tag-onde-encontrar-aco-inox-sob-medida","tag-onde-encontrar-armario-de-aco","tag-onde-encontrar-bancadas-em-aco-inox-sob-medida","tag-onde-encontrar-cozinha-planejada-de-aco","tag-onde-encontrar-moveis-de-aco-para-cozinha","tag-onde-encontrar-moveis-de-inox-para-cozinha","tag-onde-encontrar-moveis-em-aco-inox","tag-onde-encontrar-moveis-planejados-em-aco-inox-sob-medida","tag-onde-encontrar-moveis-sob-medida-em-aco-inox","tag-onde-encontrar-pecas-em-aco-inox-sob-medida","tag-onde-encontrar-prateleiras-em-aco-inox-sob-medida","tag-pecas-em-aco-inox-sob-medida-direto-da-fabrica","tag-pecas-em-aco-inox-sob-medida-em-diadema","tag-pecas-em-aco-inox-sob-medida-em-maua","tag-pecas-em-aco-inox-sob-medida-em-promocao","tag-pecas-em-aco-inox-sob-medida-em-santo-andre","tag-pecas-em-aco-inox-sob-medida-em-sao-paulo","tag-pecas-em-aco-inox-sob-medida-em-sp","tag-pecas-em-aco-inox-sob-medida-em-vila-santa-cecilia","tag-pecas-em-aco-inox-sob-medida-na-zona-sul","tag-pecas-em-aco-inox-sob-medida-no-abc","tag-pecas-em-aco-inox-sob-medida-perto-de-mim","tag-pecas-em-aco-inox-sob-medida-preco","tag-pecas-em-aco-inox-sob-medida-proximo-a-mim","tag-prateleiras-em-aco-inox-sob-medida-direto-da-fabrica","tag-prateleiras-em-aco-inox-sob-medida-em-diadema","tag-prateleiras-em-aco-inox-sob-medida-em-maua","tag-prateleiras-em-aco-inox-sob-medida-em-promocao","tag-prateleiras-em-aco-inox-sob-medida-em-santo-andre","tag-prateleiras-em-aco-inox-sob-medida-em-sao-paulo","tag-prateleiras-em-aco-inox-sob-medida-em-sp","tag-prateleiras-em-aco-inox-sob-medida-em-vila-santa-cecilia","tag-prateleiras-em-aco-inox-sob-medida-na-zona-sul","tag-prateleiras-em-aco-inox-sob-medida-no-abc","tag-prateleiras-em-aco-inox-sob-medida-perto-de-mim","tag-prateleiras-em-aco-inox-sob-medida-preco","tag-prateleiras-em-aco-inox-sob-medida-proximo-a-mim","tag-revendedor-de-aco-inox-sob-medida","tag-revendedor-de-armario-de-aco","tag-revendedor-de-bancadas-em-aco-inox-sob-medida","tag-revendedor-de-cozinha-planejada-de-aco","tag-revendedor-de-mesas-em-aco-inox-sob-medida","tag-revendedor-de-moveis-de-aco-para-cozinha","tag-revendedor-de-moveis-de-inox-para-cozinha","tag-revendedor-de-moveis-em-aco-inox","tag-revendedor-de-moveis-planejados-em-aco-inox-sob-medida","tag-revendedor-de-moveis-sob-medida-em-aco-inox","tag-revendedor-de-pecas-em-aco-inox-sob-medida","tag-revendedor-de-prateleiras-em-aco-inox-sob-medida","tag-servico-de-aco-inox-sob-medida","tag-servico-de-armario-de-aco","tag-servico-de-bancadas-em-aco-inox-sob-medida","tag-servico-de-cozinha-planejada-de-aco","tag-servico-de-mesas-em-aco-inox-sob-medida","tag-servico-de-moveis-de-aco-para-cozinha","tag-servico-de-moveis-de-inox-para-cozinha","tag-servico-de-moveis-em-aco-inox","tag-servico-de-moveis-planejados-em-aco-inox-sob-medida","tag-servico-de-moveis-sob-medida-em-aco-inox","tag-servico-de-pecas-em-aco-inox-sob-medida","tag-servico-de-prateleiras-em-aco-inox-sob-medida"],"yoast_head":"<!-- This site is optimized with the Yoast SEO plugin v27.1.1 - https:\/\/yoast.com\/product\/yoast-seo-wordpress\/ -->\n<title>Praticidade e higiene: m\u00f3veis sob medida em a\u00e7o inox - Gsteel<\/title>\n<meta name=\"description\" content=\"Neste artigo, voc\u00ea ir\u00e1 conhecer a excel\u00eancia dos m\u00f3veis sob medida em a\u00e7o inox, sua praticidade e higiene. Confira a seguir!\" \/>\n<meta name=\"robots\" content=\"index, follow, max-snippet:-1, max-image-preview:large, max-video-preview:-1\" \/>\n<link rel=\"canonical\" href=\"https:\/\/www.gsteel.com.br\/blog\/2023\/08\/25\/praticidade-e-higiene-moveis-sob-medida-em-aco-inox\/\" \/>\n<meta property=\"og:locale\" content=\"pt_BR\" \/>\n<meta property=\"og:type\" content=\"article\" \/>\n<meta property=\"og:title\" content=\"Praticidade e higiene: m\u00f3veis sob medida em a\u00e7o inox - Gsteel\" \/>\n<meta property=\"og:description\" content=\"Neste artigo, voc\u00ea ir\u00e1 conhecer a excel\u00eancia dos m\u00f3veis sob medida em a\u00e7o inox, sua praticidade e higiene. Confira a seguir!\" \/>\n<meta property=\"og:url\" content=\"https:\/\/www.gsteel.com.br\/blog\/2023\/08\/25\/praticidade-e-higiene-moveis-sob-medida-em-aco-inox\/\" \/>\n<meta property=\"og:site_name\" content=\"Gsteel\" \/>\n<meta property=\"article:published_time\" content=\"2023-08-25T13:00:00+00:00\" \/>\n<meta property=\"article:modified_time\" content=\"2023-08-25T16:23:11+00:00\" \/>\n<meta property=\"og:image\" content=\"https:\/\/www.gsteel.com.br\/blog\/wp-content\/uploads\/2023\/08\/20230825180841_fpdl.in_prateleira-de-aco-isolada-no-branco_51665-908_normal.jpg\" \/>\n\t<meta property=\"og:image:width\" content=\"626\" \/>\n\t<meta property=\"og:image:height\" content=\"417\" \/>\n\t<meta property=\"og:image:type\" content=\"image\/jpeg\" \/>\n<meta name=\"author\" content=\"admin\" \/>\n<meta name=\"twitter:card\" content=\"summary_large_image\" \/>\n<meta name=\"twitter:label1\" content=\"Escrito por\" \/>\n\t<meta name=\"twitter:data1\" content=\"admin\" \/>\n\t<meta name=\"twitter:label2\" content=\"Est. tempo de leitura\" \/>\n\t<meta name=\"twitter:data2\" content=\"3 minutos\" \/>\n<script type=\"application\/ld+json\" class=\"yoast-schema-graph\">{\"@context\":\"https:\/\/schema.org\",\"@graph\":[{\"@type\":\"Article\",\"@id\":\"https:\/\/www.gsteel.com.br\/blog\/2023\/08\/25\/praticidade-e-higiene-moveis-sob-medida-em-aco-inox\/#article\",\"isPartOf\":{\"@id\":\"https:\/\/www.gsteel.com.br\/blog\/2023\/08\/25\/praticidade-e-higiene-moveis-sob-medida-em-aco-inox\/\"},\"author\":{\"name\":\"admin\",\"@id\":\"https:\/\/www.gsteel.com.br\/blog\/#\/schema\/person\/28e05fa77cfe34acae514b85d18dd169\"},\"headline\":\"Praticidade e higiene: m\u00f3veis sob medida em a\u00e7o inox\",\"datePublished\":\"2023-08-25T13:00:00+00:00\",\"dateModified\":\"2023-08-25T16:23:11+00:00\",\"mainEntityOfPage\":{\"@id\":\"https:\/\/www.gsteel.com.br\/blog\/2023\/08\/25\/praticidade-e-higiene-moveis-sob-medida-em-aco-inox\/\"},\"wordCount\":580,\"commentCount\":0,\"publisher\":{\"@id\":\"https:\/\/www.gsteel.com.br\/blog\/#organization\"},\"image\":{\"@id\":\"https:\/\/www.gsteel.com.br\/blog\/2023\/08\/25\/praticidade-e-higiene-moveis-sob-medida-em-aco-inox\/#primaryimage\"},\"thumbnailUrl\":\"https:\/\/www.gsteel.com.br\/blog\/wp-content\/uploads\/2023\/08\/20230825180841_fpdl.in_prateleira-de-aco-isolada-no-branco_51665-908_normal.jpg\",\"keywords\":[\"a\u00e7o inox sob medida direto da fabrica\",\"a\u00e7o inox sob medida em Diadema\",\"a\u00e7o inox sob medida em Mau\u00e1\",\"a\u00e7o inox sob medida em promo\u00e7\u00e3o\",\"a\u00e7o inox sob medida em Santo Andr\u00e9\",\"a\u00e7o inox sob medida em s\u00e3o paulo\",\"a\u00e7o inox sob medida em sp\",\"a\u00e7o inox sob medida em Vila Santa Cec\u00edlia\",\"a\u00e7o inox sob medida na Zona Sul\",\"a\u00e7o inox sob medida no ABC\",\"a\u00e7o inox sob medida perto de mim\",\"a\u00e7o inox sob medida pre\u00e7o\",\"a\u00e7o inox sob medida pr\u00f3ximo a mim\",\"arm\u00e1rio de a\u00e7o direto da fabrica\",\"arm\u00e1rio de a\u00e7o em Diadema\",\"arm\u00e1rio de a\u00e7o em Mau\u00e1\",\"arm\u00e1rio de a\u00e7o em promo\u00e7\u00e3o\",\"arm\u00e1rio de a\u00e7o em Santo Andr\u00e9\",\"arm\u00e1rio de a\u00e7o em s\u00e3o paulo\",\"arm\u00e1rio de a\u00e7o em sp\",\"arm\u00e1rio de a\u00e7o em Vila Santa Cec\u00edlia\",\"arm\u00e1rio de a\u00e7o na Zona Sul\",\"arm\u00e1rio de a\u00e7o no ABC\",\"arm\u00e1rio de a\u00e7o perto de mim\",\"arm\u00e1rio de a\u00e7o pre\u00e7o\",\"arm\u00e1rio de a\u00e7o pr\u00f3ximo a mim\",\"bancadas em a\u00e7o inox sob medida direto da fabrica\",\"bancadas em a\u00e7o inox sob medida em Diadema\",\"bancadas em a\u00e7o inox sob medida em Mau\u00e1\",\"bancadas em a\u00e7o inox sob medida em promo\u00e7\u00e3o\",\"bancadas em a\u00e7o inox sob medida em Santo Andr\u00e9\",\"bancadas em a\u00e7o inox sob medida em s\u00e3o paulo\",\"bancadas em a\u00e7o inox sob medida em sp\",\"bancadas em a\u00e7o inox sob medida em Vila Santa Cec\u00edlia\",\"bancadas em a\u00e7o inox sob medida na Zona Sul\",\"bancadas em a\u00e7o inox sob medida no ABC\",\"bancadas em a\u00e7o inox sob medida perto de mim\",\"bancadas em a\u00e7o inox sob medida pre\u00e7o\",\"bancadas em a\u00e7o inox sob medida pr\u00f3ximo a mim\",\"comprar a\u00e7o inox sob medida\",\"comprar arm\u00e1rio de a\u00e7o\",\"comprar bancadas em a\u00e7o inox sob medida\",\"comprar cozinha planejada de a\u00e7o\",\"comprar mesas em a\u00e7o inox sob medida\",\"comprar m\u00f3veis de a\u00e7o para cozinha\",\"comprar m\u00f3veis de inox para cozinha\",\"comprar m\u00f3veis em a\u00e7o inox\",\"comprar m\u00f3veis planejados em a\u00e7o inox sob medida\",\"comprar m\u00f3veis sob medida em a\u00e7o inox\",\"comprar pe\u00e7as em a\u00e7o inox sob medida\",\"comprar prateleiras em a\u00e7o inox sob medida\",\"cozinha planejada de a\u00e7o direto da fabrica\",\"cozinha planejada de a\u00e7o em Diadema\",\"cozinha planejada de a\u00e7o em Mau\u00e1\",\"cozinha planejada de a\u00e7o em promo\u00e7\u00e3o\",\"cozinha planejada de a\u00e7o em Santo Andr\u00e9\",\"cozinha planejada de a\u00e7o em s\u00e3o paulo\",\"cozinha planejada de a\u00e7o em sp\",\"cozinha planejada de a\u00e7o em Vila Santa Cec\u00edlia\",\"cozinha planejada de a\u00e7o na Zona Sul\",\"cozinha planejada de a\u00e7o no ABC\",\"cozinha planejada de a\u00e7o perto de mim\",\"cozinha planejada de a\u00e7o pre\u00e7o\",\"cozinha planejada de a\u00e7o pr\u00f3ximo a mim\",\"distribuidor de a\u00e7o inox sob medida\",\"distribuidor de arm\u00e1rio de a\u00e7o\",\"distribuidor de bancadas em a\u00e7o inox sob medida\",\"distribuidor de cozinha planejada de a\u00e7o\",\"distribuidor de mesas em a\u00e7o inox sob medida\",\"distribuidor de m\u00f3veis de a\u00e7o para cozinha\",\"distribuidor de m\u00f3veis de inox para cozinha\",\"distribuidor de m\u00f3veis em a\u00e7o inox\",\"distribuidor de m\u00f3veis planejados em a\u00e7o inox sob medida\",\"distribuidor de m\u00f3veis sob medida em a\u00e7o inox\",\"distribuidor de pe\u00e7as em a\u00e7o inox sob medida\",\"distribuidor de prateleiras em a\u00e7o inox sob medida\",\"distribuidora de a\u00e7o inox sob medida\",\"distribuidora de arm\u00e1rio de a\u00e7o\",\"distribuidora de bancadas em a\u00e7o inox sob medida\",\"distribuidora de cozinha planejada de a\u00e7o\",\"distribuidora de mesas em a\u00e7o inox sob medida\",\"distribuidora de m\u00f3veis de a\u00e7o para cozinha\",\"distribuidora de m\u00f3veis de inox para cozinha\",\"distribuidora de m\u00f3veis em a\u00e7o inox\",\"distribuidora de m\u00f3veis planejados em a\u00e7o inox sob medida\",\"distribuidora de m\u00f3veis sob medida em a\u00e7o inox\",\"distribuidora de pe\u00e7as em a\u00e7o inox sob medida\",\"distribuidora de prateleiras em a\u00e7o inox sob medida\",\"empresa de a\u00e7o inox sob medida\",\"empresa de arm\u00e1rio de a\u00e7o\",\"empresa de bancadas em a\u00e7o inox sob medida\",\"empresa de cozinha planejada de a\u00e7o\",\"empresa de mesas em a\u00e7o inox sob medida\",\"empresa de m\u00f3veis de a\u00e7o para cozinha\",\"empresa de m\u00f3veis de inox para cozinha\",\"empresa de m\u00f3veis em a\u00e7o inox\",\"empresa de m\u00f3veis planejados em a\u00e7o inox sob medida\",\"empresa de m\u00f3veis sob medida em a\u00e7o inox\",\"empresa de pe\u00e7as em a\u00e7o inox sob medida\",\"empresa de prateleiras em a\u00e7o inox sob medida\",\"f\u00e1brica de a\u00e7o inox sob medida\",\"f\u00e1brica de arm\u00e1rio de a\u00e7o\",\"f\u00e1brica de bancadas em a\u00e7o inox sob medida\",\"f\u00e1brica de cozinha planejada de a\u00e7o\",\"f\u00e1brica de mesas em a\u00e7o inox sob medida\",\"f\u00e1brica de m\u00f3veis de a\u00e7o para cozinha\",\"f\u00e1brica de m\u00f3veis de inox para cozinha\",\"f\u00e1brica de m\u00f3veis em a\u00e7o inox\",\"f\u00e1brica de m\u00f3veis planejados em a\u00e7o inox sob medida\",\"f\u00e1brica de m\u00f3veis sob medida em a\u00e7o inox\",\"f\u00e1brica de pe\u00e7as em a\u00e7o inox sob medida\",\"f\u00e1brica de prateleiras em a\u00e7o inox sob medida\",\"fabricante de a\u00e7o inox sob medida\",\"fabricante de arm\u00e1rio de a\u00e7o\",\"fabricante de bancadas em a\u00e7o inox sob medida\",\"fabricante de cozinha planejada de a\u00e7o\",\"fabricante de mesas em a\u00e7o inox sob medida\",\"fabricante de m\u00f3veis de a\u00e7o para cozinha\",\"fabricante de m\u00f3veis de inox para cozinha\",\"fabricante de m\u00f3veis em a\u00e7o inox\",\"fabricante de m\u00f3veis planejados em a\u00e7o inox sob medida\",\"fabricante de m\u00f3veis sob medida em a\u00e7o inox\",\"fabricante de pe\u00e7as em a\u00e7o inox sob medida\",\"fabricante de prateleiras em a\u00e7o inox sob medida\",\"fornecedor de a\u00e7o inox sob medida\",\"fornecedor de arm\u00e1rio de a\u00e7o\",\"fornecedor de bancadas em a\u00e7o inox sob medida\",\"fornecedor de cozinha planejada de a\u00e7o\",\"fornecedor de mesas em a\u00e7o inox sob medida\",\"fornecedor de m\u00f3veis de a\u00e7o para cozinha\",\"fornecedor de m\u00f3veis de inox para cozinha\",\"fornecedor de m\u00f3veis em a\u00e7o inox\",\"fornecedor de m\u00f3veis planejados em a\u00e7o inox sob medida\",\"fornecedor de m\u00f3veis sob medida em a\u00e7o inox\",\"fornecedor de pe\u00e7as em a\u00e7o inox sob medida\",\"fornecedor de prateleiras em a\u00e7o inox sob medida\",\"loja de a\u00e7o inox sob medida\",\"loja de arm\u00e1rio de a\u00e7o\",\"loja de bancadas em a\u00e7o inox sob medida\",\"loja de cozinha planejada de a\u00e7o\",\"loja de mesas em a\u00e7o inox sob medida\",\"loja de m\u00f3veis de a\u00e7o para cozinha\",\"loja de m\u00f3veis de inox para cozinha\",\"loja de m\u00f3veis em a\u00e7o inox\",\"loja de m\u00f3veis planejados em a\u00e7o inox sob medida\",\"loja de m\u00f3veis sob medida em a\u00e7o inox\",\"loja de pe\u00e7as em a\u00e7o inox sob medida\",\"loja de prateleiras em a\u00e7o inox sob medida\",\"mesas em a\u00e7o inox sob medida direto da fabrica\",\"mesas em a\u00e7o inox sob medida em Diadema\",\"mesas em a\u00e7o inox sob medida em Mau\u00e1\",\"mesas em a\u00e7o inox sob medida em promo\u00e7\u00e3o\",\"mesas em a\u00e7o inox sob medida em Santo Andr\u00e9\",\"mesas em a\u00e7o inox sob medida em s\u00e3o paulo\",\"mesas em a\u00e7o inox sob medida em sp\",\"mesas em a\u00e7o inox sob medida em Vila Santa Cec\u00edlia\",\"mesas em a\u00e7o inox sob medida na Zona Sul\",\"mesas em a\u00e7o inox sob medida no ABC\",\"mesas em a\u00e7o inox sob medida perto de mim\",\"mesas em a\u00e7o inox sob medida pre\u00e7o\",\"mesas em a\u00e7o inox sob medida pr\u00f3ximo a mim\",\"m\u00f3veis de a\u00e7o para cozinha direto da fabrica\",\"m\u00f3veis de a\u00e7o para cozinha em Diadema\",\"m\u00f3veis de a\u00e7o para cozinha em Mau\u00e1\",\"m\u00f3veis de a\u00e7o para cozinha em promo\u00e7\u00e3o\",\"m\u00f3veis de a\u00e7o para cozinha em Santo Andr\u00e9\",\"m\u00f3veis de a\u00e7o para cozinha em s\u00e3o paulo\",\"m\u00f3veis de a\u00e7o para cozinha em sp\",\"m\u00f3veis de a\u00e7o para cozinha em Vila Santa Cec\u00edlia\",\"m\u00f3veis de a\u00e7o para cozinha na Zona Sul\",\"m\u00f3veis de a\u00e7o para cozinha no ABC\",\"m\u00f3veis de a\u00e7o para cozinha perto de mim\",\"m\u00f3veis de a\u00e7o para cozinha pre\u00e7o\",\"m\u00f3veis de a\u00e7o para cozinha pr\u00f3ximo a mim\",\"m\u00f3veis de inox para cozinha direto da fabrica\",\"m\u00f3veis de inox para cozinha em Diadema\",\"m\u00f3veis de inox para cozinha em Mau\u00e1\",\"m\u00f3veis de inox para cozinha em promo\u00e7\u00e3o\",\"m\u00f3veis de inox para cozinha em Santo Andr\u00e9\",\"m\u00f3veis de inox para cozinha em s\u00e3o paulo\",\"m\u00f3veis de inox para cozinha em sp\",\"m\u00f3veis de inox para cozinha em Vila Santa Cec\u00edlia\",\"m\u00f3veis de inox para cozinha na Zona Sul\",\"m\u00f3veis de inox para cozinha no ABC\",\"m\u00f3veis de inox para cozinha perto de mim\",\"m\u00f3veis de inox para cozinha pre\u00e7o\",\"m\u00f3veis de inox para cozinha pr\u00f3ximo a mim\",\"m\u00f3veis em a\u00e7o inox direto da fabrica\",\"m\u00f3veis em a\u00e7o inox em Diadema\",\"m\u00f3veis em a\u00e7o inox em Mau\u00e1\",\"m\u00f3veis em a\u00e7o inox em promo\u00e7\u00e3o\",\"m\u00f3veis em a\u00e7o inox em Santo Andr\u00e9\",\"m\u00f3veis em a\u00e7o inox em s\u00e3o paulo\",\"m\u00f3veis em a\u00e7o inox em sp\",\"m\u00f3veis em a\u00e7o inox em Vila Santa Cec\u00edlia\",\"m\u00f3veis em a\u00e7o inox na Zona Sul\",\"m\u00f3veis em a\u00e7o inox no ABC\",\"m\u00f3veis em a\u00e7o inox perto de mim\",\"m\u00f3veis em a\u00e7o inox pre\u00e7o\",\"m\u00f3veis em a\u00e7o inox pr\u00f3ximo a mim\",\"m\u00f3veis planejados em a\u00e7o inox sob medida direto da fabrica\",\"m\u00f3veis planejados em a\u00e7o inox sob medida em Diadema\",\"m\u00f3veis planejados em a\u00e7o inox sob medida em Mau\u00e1\",\"m\u00f3veis planejados em a\u00e7o inox sob medida em promo\u00e7\u00e3o\",\"m\u00f3veis planejados em a\u00e7o inox sob medida em Santo Andr\u00e9\",\"m\u00f3veis planejados em a\u00e7o inox sob medida em s\u00e3o paulo\",\"m\u00f3veis planejados em a\u00e7o inox sob medida em sp\",\"m\u00f3veis planejados em a\u00e7o inox sob medida em Vila Santa Cec\u00edlia\",\"m\u00f3veis planejados em a\u00e7o inox sob medida na Zona Sul\",\"m\u00f3veis planejados em a\u00e7o inox sob medida no ABC\",\"m\u00f3veis planejados em a\u00e7o inox sob medida perto de mim\",\"m\u00f3veis planejados em a\u00e7o inox sob medida pre\u00e7o\",\"m\u00f3veis planejados em a\u00e7o inox sob medida pr\u00f3ximo a mim\",\"m\u00f3veis sob medida em a\u00e7o inox direto da fabrica\",\"m\u00f3veis sob medida em a\u00e7o inox em Diadema\",\"m\u00f3veis sob medida em a\u00e7o inox em Mau\u00e1\",\"m\u00f3veis sob medida em a\u00e7o inox em promo\u00e7\u00e3o\",\"m\u00f3veis sob medida em a\u00e7o inox em Santo Andr\u00e9\",\"m\u00f3veis sob medida em a\u00e7o inox em s\u00e3o paulo\",\"m\u00f3veis sob medida em a\u00e7o inox em sp\",\"m\u00f3veis sob medida em a\u00e7o inox em Vila Santa Cec\u00edlia\",\"m\u00f3veis sob medida em a\u00e7o inox na Zona Sul\",\"m\u00f3veis sob medida em a\u00e7o inox no ABC\",\"m\u00f3veis sob medida em a\u00e7o inox perto de mim\",\"m\u00f3veis sob medida em a\u00e7o inox pre\u00e7o\",\"m\u00f3veis sob medida em a\u00e7o inox pr\u00f3ximo a mim\",\"onde encontrar a\u00e7o inox sob medida\",\"onde encontrar arm\u00e1rio de a\u00e7o\",\"onde encontrar bancadas em a\u00e7o inox sob medida\",\"onde encontrar cozinha planejada de a\u00e7o\",\"onde encontrar m\u00f3veis de a\u00e7o para cozinha\",\"onde encontrar m\u00f3veis de inox para cozinha\",\"onde encontrar m\u00f3veis em a\u00e7o inox\",\"onde encontrar m\u00f3veis planejados em a\u00e7o inox sob medida\",\"onde encontrar m\u00f3veis sob medida em a\u00e7o inox\",\"onde encontrar pe\u00e7as em a\u00e7o inox sob medida\",\"onde encontrar prateleiras em a\u00e7o inox sob medida\",\"pe\u00e7as em a\u00e7o inox sob medida direto da fabrica\",\"pe\u00e7as em a\u00e7o inox sob medida em Diadema\",\"pe\u00e7as em a\u00e7o inox sob medida em Mau\u00e1\",\"pe\u00e7as em a\u00e7o inox sob medida em promo\u00e7\u00e3o\",\"pe\u00e7as em a\u00e7o inox sob medida em Santo Andr\u00e9\",\"pe\u00e7as em a\u00e7o inox sob medida em s\u00e3o paulo\",\"pe\u00e7as em a\u00e7o inox sob medida em sp\",\"pe\u00e7as em a\u00e7o inox sob medida em Vila Santa Cec\u00edlia\",\"pe\u00e7as em a\u00e7o inox sob medida na Zona Sul\",\"pe\u00e7as em a\u00e7o inox sob medida no ABC\",\"pe\u00e7as em a\u00e7o inox sob medida perto de mim\",\"pe\u00e7as em a\u00e7o inox sob medida pre\u00e7o\",\"pe\u00e7as em a\u00e7o inox sob medida pr\u00f3ximo a mim\",\"prateleiras em a\u00e7o inox sob medida direto da fabrica\",\"prateleiras em a\u00e7o inox sob medida em Diadema\",\"prateleiras em a\u00e7o inox sob medida em Mau\u00e1\",\"prateleiras em a\u00e7o inox sob medida em promo\u00e7\u00e3o\",\"prateleiras em a\u00e7o inox sob medida em Santo Andr\u00e9\",\"prateleiras em a\u00e7o inox sob medida em s\u00e3o paulo\",\"prateleiras em a\u00e7o inox sob medida em sp\",\"prateleiras em a\u00e7o inox sob medida em Vila Santa Cec\u00edlia\",\"prateleiras em a\u00e7o inox sob medida na Zona Sul\",\"prateleiras em a\u00e7o inox sob medida no ABC\",\"prateleiras em a\u00e7o inox sob medida perto de mim\",\"prateleiras em a\u00e7o inox sob medida pre\u00e7o\",\"prateleiras em a\u00e7o inox sob medida pr\u00f3ximo a mim\",\"revendedor de a\u00e7o inox sob medida\",\"revendedor de arm\u00e1rio de a\u00e7o\",\"revendedor de bancadas em a\u00e7o inox sob medida\",\"revendedor de cozinha planejada de a\u00e7o\",\"revendedor de mesas em a\u00e7o inox sob medida\",\"revendedor de m\u00f3veis de a\u00e7o para cozinha\",\"revendedor de m\u00f3veis de inox para cozinha\",\"revendedor de m\u00f3veis em a\u00e7o inox\",\"revendedor de m\u00f3veis planejados em a\u00e7o inox sob medida\",\"revendedor de m\u00f3veis sob medida em a\u00e7o inox\",\"revendedor de pe\u00e7as em a\u00e7o inox sob medida\",\"revendedor de prateleiras em a\u00e7o inox sob medida\",\"servi\u00e7o de a\u00e7o inox sob medida\",\"servi\u00e7o de arm\u00e1rio de a\u00e7o\",\"servi\u00e7o de bancadas em a\u00e7o inox sob medida\",\"servi\u00e7o de cozinha planejada de a\u00e7o\",\"servi\u00e7o de mesas em a\u00e7o inox sob medida\",\"servi\u00e7o de m\u00f3veis de a\u00e7o para cozinha\",\"servi\u00e7o de m\u00f3veis de inox para cozinha\",\"servi\u00e7o de m\u00f3veis em a\u00e7o inox\",\"servi\u00e7o de m\u00f3veis planejados em a\u00e7o inox sob medida\",\"servi\u00e7o de m\u00f3veis sob medida em a\u00e7o inox\",\"servi\u00e7o de pe\u00e7as em a\u00e7o inox sob medida\",\"servi\u00e7o de prateleiras em a\u00e7o inox sob medida\"],\"articleSection\":[\"a\u00e7o inox\",\"inox sob medida\",\"mesas e bancadas em inox\"],\"inLanguage\":\"pt-BR\",\"potentialAction\":[{\"@type\":\"CommentAction\",\"name\":\"Comment\",\"target\":[\"https:\/\/www.gsteel.com.br\/blog\/2023\/08\/25\/praticidade-e-higiene-moveis-sob-medida-em-aco-inox\/#respond\"]}]},{\"@type\":\"WebPage\",\"@id\":\"https:\/\/www.gsteel.com.br\/blog\/2023\/08\/25\/praticidade-e-higiene-moveis-sob-medida-em-aco-inox\/\",\"url\":\"https:\/\/www.gsteel.com.br\/blog\/2023\/08\/25\/praticidade-e-higiene-moveis-sob-medida-em-aco-inox\/\",\"name\":\"Praticidade e higiene: m\u00f3veis sob medida em a\u00e7o inox - Gsteel\",\"isPartOf\":{\"@id\":\"https:\/\/www.gsteel.com.br\/blog\/#website\"},\"primaryImageOfPage\":{\"@id\":\"https:\/\/www.gsteel.com.br\/blog\/2023\/08\/25\/praticidade-e-higiene-moveis-sob-medida-em-aco-inox\/#primaryimage\"},\"image\":{\"@id\":\"https:\/\/www.gsteel.com.br\/blog\/2023\/08\/25\/praticidade-e-higiene-moveis-sob-medida-em-aco-inox\/#primaryimage\"},\"thumbnailUrl\":\"https:\/\/www.gsteel.com.br\/blog\/wp-content\/uploads\/2023\/08\/20230825180841_fpdl.in_prateleira-de-aco-isolada-no-branco_51665-908_normal.jpg\",\"datePublished\":\"2023-08-25T13:00:00+00:00\",\"dateModified\":\"2023-08-25T16:23:11+00:00\",\"description\":\"Neste artigo, voc\u00ea ir\u00e1 conhecer a excel\u00eancia dos m\u00f3veis sob medida em a\u00e7o inox, sua praticidade e higiene. Confira a seguir!\",\"breadcrumb\":{\"@id\":\"https:\/\/www.gsteel.com.br\/blog\/2023\/08\/25\/praticidade-e-higiene-moveis-sob-medida-em-aco-inox\/#breadcrumb\"},\"inLanguage\":\"pt-BR\",\"potentialAction\":[{\"@type\":\"ReadAction\",\"target\":[\"https:\/\/www.gsteel.com.br\/blog\/2023\/08\/25\/praticidade-e-higiene-moveis-sob-medida-em-aco-inox\/\"]}]},{\"@type\":\"ImageObject\",\"inLanguage\":\"pt-BR\",\"@id\":\"https:\/\/www.gsteel.com.br\/blog\/2023\/08\/25\/praticidade-e-higiene-moveis-sob-medida-em-aco-inox\/#primaryimage\",\"url\":\"https:\/\/www.gsteel.com.br\/blog\/wp-content\/uploads\/2023\/08\/20230825180841_fpdl.in_prateleira-de-aco-isolada-no-branco_51665-908_normal.jpg\",\"contentUrl\":\"https:\/\/www.gsteel.com.br\/blog\/wp-content\/uploads\/2023\/08\/20230825180841_fpdl.in_prateleira-de-aco-isolada-no-branco_51665-908_normal.jpg\",\"width\":626,\"height\":417,\"caption\":\"Praticidade e higiene: m\u00f3veis sob medida em a\u00e7o inox\"},{\"@type\":\"BreadcrumbList\",\"@id\":\"https:\/\/www.gsteel.com.br\/blog\/2023\/08\/25\/praticidade-e-higiene-moveis-sob-medida-em-aco-inox\/#breadcrumb\",\"itemListElement\":[{\"@type\":\"ListItem\",\"position\":1,\"name\":\"In\u00edcio\",\"item\":\"https:\/\/www.gsteel.com.br\/blog\/\"},{\"@type\":\"ListItem\",\"position\":2,\"name\":\"Praticidade e higiene: m\u00f3veis sob medida em a\u00e7o inox\"}]},{\"@type\":\"WebSite\",\"@id\":\"https:\/\/www.gsteel.com.br\/blog\/#website\",\"url\":\"https:\/\/www.gsteel.com.br\/blog\/\",\"name\":\"Gsteel\",\"description\":\"Blog\",\"publisher\":{\"@id\":\"https:\/\/www.gsteel.com.br\/blog\/#organization\"},\"potentialAction\":[{\"@type\":\"SearchAction\",\"target\":{\"@type\":\"EntryPoint\",\"urlTemplate\":\"https:\/\/www.gsteel.com.br\/blog\/?s={search_term_string}\"},\"query-input\":{\"@type\":\"PropertyValueSpecification\",\"valueRequired\":true,\"valueName\":\"search_term_string\"}}],\"inLanguage\":\"pt-BR\"},{\"@type\":\"Organization\",\"@id\":\"https:\/\/www.gsteel.com.br\/blog\/#organization\",\"name\":\"Gsteel\",\"url\":\"https:\/\/www.gsteel.com.br\/blog\/\",\"logo\":{\"@type\":\"ImageObject\",\"inLanguage\":\"pt-BR\",\"@id\":\"https:\/\/www.gsteel.com.br\/blog\/#\/schema\/logo\/image\/\",\"url\":\"https:\/\/www.gsteel.com.br\/blog\/wp-content\/uploads\/2021\/10\/logoGSTEEL.png\",\"contentUrl\":\"https:\/\/www.gsteel.com.br\/blog\/wp-content\/uploads\/2021\/10\/logoGSTEEL.png\",\"width\":131,\"height\":47,\"caption\":\"Gsteel\"},\"image\":{\"@id\":\"https:\/\/www.gsteel.com.br\/blog\/#\/schema\/logo\/image\/\"}},{\"@type\":\"Person\",\"@id\":\"https:\/\/www.gsteel.com.br\/blog\/#\/schema\/person\/28e05fa77cfe34acae514b85d18dd169\",\"name\":\"admin\",\"image\":{\"@type\":\"ImageObject\",\"inLanguage\":\"pt-BR\",\"@id\":\"https:\/\/www.gsteel.com.br\/blog\/#\/schema\/person\/image\/\",\"url\":\"https:\/\/secure.gravatar.com\/avatar\/44fe48476a51cc905bda53ed1643436406bdaa56cbfe0f84f13093482406ba6f?s=96&d=mm&r=g\",\"contentUrl\":\"https:\/\/secure.gravatar.com\/avatar\/44fe48476a51cc905bda53ed1643436406bdaa56cbfe0f84f13093482406ba6f?s=96&d=mm&r=g\",\"caption\":\"admin\"},\"sameAs\":[\"https:\/\/www.gsteel.com.br\/blog\"],\"url\":\"https:\/\/www.gsteel.com.br\/blog\/author\/admin\/\"}]}<\/script>\n<!-- \/ Yoast SEO plugin. -->","yoast_head_json":{"title":"Praticidade e higiene: m\u00f3veis sob medida em a\u00e7o inox - Gsteel","description":"Neste artigo, voc\u00ea ir\u00e1 conhecer a excel\u00eancia dos m\u00f3veis sob medida em a\u00e7o inox, sua praticidade e higiene. Confira a seguir!","robots":{"index":"index","follow":"follow","max-snippet":"max-snippet:-1","max-image-preview":"max-image-preview:large","max-video-preview":"max-video-preview:-1"},"canonical":"https:\/\/www.gsteel.com.br\/blog\/2023\/08\/25\/praticidade-e-higiene-moveis-sob-medida-em-aco-inox\/","og_locale":"pt_BR","og_type":"article","og_title":"Praticidade e higiene: m\u00f3veis sob medida em a\u00e7o inox - Gsteel","og_description":"Neste artigo, voc\u00ea ir\u00e1 conhecer a excel\u00eancia dos m\u00f3veis sob medida em a\u00e7o inox, sua praticidade e higiene. Confira a seguir!","og_url":"https:\/\/www.gsteel.com.br\/blog\/2023\/08\/25\/praticidade-e-higiene-moveis-sob-medida-em-aco-inox\/","og_site_name":"Gsteel","article_published_time":"2023-08-25T13:00:00+00:00","article_modified_time":"2023-08-25T16:23:11+00:00","og_image":[{"width":626,"height":417,"url":"https:\/\/www.gsteel.com.br\/blog\/wp-content\/uploads\/2023\/08\/20230825180841_fpdl.in_prateleira-de-aco-isolada-no-branco_51665-908_normal.jpg","type":"image\/jpeg"}],"author":"admin","twitter_card":"summary_large_image","twitter_misc":{"Escrito por":"admin","Est. tempo de leitura":"3 minutos"},"schema":{"@context":"https:\/\/schema.org","@graph":[{"@type":"Article","@id":"https:\/\/www.gsteel.com.br\/blog\/2023\/08\/25\/praticidade-e-higiene-moveis-sob-medida-em-aco-inox\/#article","isPartOf":{"@id":"https:\/\/www.gsteel.com.br\/blog\/2023\/08\/25\/praticidade-e-higiene-moveis-sob-medida-em-aco-inox\/"},"author":{"name":"admin","@id":"https:\/\/www.gsteel.com.br\/blog\/#\/schema\/person\/28e05fa77cfe34acae514b85d18dd169"},"headline":"Praticidade e higiene: m\u00f3veis sob medida em a\u00e7o inox","datePublished":"2023-08-25T13:00:00+00:00","dateModified":"2023-08-25T16:23:11+00:00","mainEntityOfPage":{"@id":"https:\/\/www.gsteel.com.br\/blog\/2023\/08\/25\/praticidade-e-higiene-moveis-sob-medida-em-aco-inox\/"},"wordCount":580,"commentCount":0,"publisher":{"@id":"https:\/\/www.gsteel.com.br\/blog\/#organization"},"image":{"@id":"https:\/\/www.gsteel.com.br\/blog\/2023\/08\/25\/praticidade-e-higiene-moveis-sob-medida-em-aco-inox\/#primaryimage"},"thumbnailUrl":"https:\/\/www.gsteel.com.br\/blog\/wp-content\/uploads\/2023\/08\/20230825180841_fpdl.in_prateleira-de-aco-isolada-no-branco_51665-908_normal.jpg","keywords":["a\u00e7o inox sob medida direto da fabrica","a\u00e7o inox sob medida em Diadema","a\u00e7o inox sob medida em Mau\u00e1","a\u00e7o inox sob medida em promo\u00e7\u00e3o","a\u00e7o inox sob medida em Santo Andr\u00e9","a\u00e7o inox sob medida em s\u00e3o paulo","a\u00e7o inox sob medida em sp","a\u00e7o inox sob medida em Vila Santa Cec\u00edlia","a\u00e7o inox sob medida na Zona Sul","a\u00e7o inox sob medida no ABC","a\u00e7o inox sob medida perto de mim","a\u00e7o inox sob medida pre\u00e7o","a\u00e7o inox sob medida pr\u00f3ximo a mim","arm\u00e1rio de a\u00e7o direto da fabrica","arm\u00e1rio de a\u00e7o em Diadema","arm\u00e1rio de a\u00e7o em Mau\u00e1","arm\u00e1rio de a\u00e7o em promo\u00e7\u00e3o","arm\u00e1rio de a\u00e7o em Santo Andr\u00e9","arm\u00e1rio de a\u00e7o em s\u00e3o paulo","arm\u00e1rio de a\u00e7o em sp","arm\u00e1rio de a\u00e7o em Vila Santa Cec\u00edlia","arm\u00e1rio de a\u00e7o na Zona Sul","arm\u00e1rio de a\u00e7o no ABC","arm\u00e1rio de a\u00e7o perto de mim","arm\u00e1rio de a\u00e7o pre\u00e7o","arm\u00e1rio de a\u00e7o pr\u00f3ximo a mim","bancadas em a\u00e7o inox sob medida direto da fabrica","bancadas em a\u00e7o inox sob medida em Diadema","bancadas em a\u00e7o inox sob medida em Mau\u00e1","bancadas em a\u00e7o inox sob medida em promo\u00e7\u00e3o","bancadas em a\u00e7o inox sob medida em Santo Andr\u00e9","bancadas em a\u00e7o inox sob medida em s\u00e3o paulo","bancadas em a\u00e7o inox sob medida em sp","bancadas em a\u00e7o inox sob medida em Vila Santa Cec\u00edlia","bancadas em a\u00e7o inox sob medida na Zona Sul","bancadas em a\u00e7o inox sob medida no ABC","bancadas em a\u00e7o inox sob medida perto de mim","bancadas em a\u00e7o inox sob medida pre\u00e7o","bancadas em a\u00e7o inox sob medida pr\u00f3ximo a mim","comprar a\u00e7o inox sob medida","comprar arm\u00e1rio de a\u00e7o","comprar bancadas em a\u00e7o inox sob medida","comprar cozinha planejada de a\u00e7o","comprar mesas em a\u00e7o inox sob medida","comprar m\u00f3veis de a\u00e7o para cozinha","comprar m\u00f3veis de inox para cozinha","comprar m\u00f3veis em a\u00e7o inox","comprar m\u00f3veis planejados em a\u00e7o inox sob medida","comprar m\u00f3veis sob medida em a\u00e7o inox","comprar pe\u00e7as em a\u00e7o inox sob medida","comprar prateleiras em a\u00e7o inox sob medida","cozinha planejada de a\u00e7o direto da fabrica","cozinha planejada de a\u00e7o em Diadema","cozinha planejada de a\u00e7o em Mau\u00e1","cozinha planejada de a\u00e7o em promo\u00e7\u00e3o","cozinha planejada de a\u00e7o em Santo Andr\u00e9","cozinha planejada de a\u00e7o em s\u00e3o paulo","cozinha planejada de a\u00e7o em sp","cozinha planejada de a\u00e7o em Vila Santa Cec\u00edlia","cozinha planejada de a\u00e7o na Zona Sul","cozinha planejada de a\u00e7o no ABC","cozinha planejada de a\u00e7o perto de mim","cozinha planejada de a\u00e7o pre\u00e7o","cozinha planejada de a\u00e7o pr\u00f3ximo a mim","distribuidor de a\u00e7o inox sob medida","distribuidor de arm\u00e1rio de a\u00e7o","distribuidor de bancadas em a\u00e7o inox sob medida","distribuidor de cozinha planejada de a\u00e7o","distribuidor de mesas em a\u00e7o inox sob medida","distribuidor de m\u00f3veis de a\u00e7o para cozinha","distribuidor de m\u00f3veis de inox para cozinha","distribuidor de m\u00f3veis em a\u00e7o inox","distribuidor de m\u00f3veis planejados em a\u00e7o inox sob medida","distribuidor de m\u00f3veis sob medida em a\u00e7o inox","distribuidor de pe\u00e7as em a\u00e7o inox sob medida","distribuidor de prateleiras em a\u00e7o inox sob medida","distribuidora de a\u00e7o inox sob medida","distribuidora de arm\u00e1rio de a\u00e7o","distribuidora de bancadas em a\u00e7o inox sob medida","distribuidora de cozinha planejada de a\u00e7o","distribuidora de mesas em a\u00e7o inox sob medida","distribuidora de m\u00f3veis de a\u00e7o para cozinha","distribuidora de m\u00f3veis de inox para cozinha","distribuidora de m\u00f3veis em a\u00e7o inox","distribuidora de m\u00f3veis planejados em a\u00e7o inox sob medida","distribuidora de m\u00f3veis sob medida em a\u00e7o inox","distribuidora de pe\u00e7as em a\u00e7o inox sob medida","distribuidora de prateleiras em a\u00e7o inox sob medida","empresa de a\u00e7o inox sob medida","empresa de arm\u00e1rio de a\u00e7o","empresa de bancadas em a\u00e7o inox sob medida","empresa de cozinha planejada de a\u00e7o","empresa de mesas em a\u00e7o inox sob medida","empresa de m\u00f3veis de a\u00e7o para cozinha","empresa de m\u00f3veis de inox para cozinha","empresa de m\u00f3veis em a\u00e7o inox","empresa de m\u00f3veis planejados em a\u00e7o inox sob medida","empresa de m\u00f3veis sob medida em a\u00e7o inox","empresa de pe\u00e7as em a\u00e7o inox sob medida","empresa de prateleiras em a\u00e7o inox sob medida","f\u00e1brica de a\u00e7o inox sob medida","f\u00e1brica de arm\u00e1rio de a\u00e7o","f\u00e1brica de bancadas em a\u00e7o inox sob medida","f\u00e1brica de cozinha planejada de a\u00e7o","f\u00e1brica de mesas em a\u00e7o inox sob medida","f\u00e1brica de m\u00f3veis de a\u00e7o para cozinha","f\u00e1brica de m\u00f3veis de inox para cozinha","f\u00e1brica de m\u00f3veis em a\u00e7o inox","f\u00e1brica de m\u00f3veis planejados em a\u00e7o inox sob medida","f\u00e1brica de m\u00f3veis sob medida em a\u00e7o inox","f\u00e1brica de pe\u00e7as em a\u00e7o inox sob medida","f\u00e1brica de prateleiras em a\u00e7o inox sob medida","fabricante de a\u00e7o inox sob medida","fabricante de arm\u00e1rio de a\u00e7o","fabricante de bancadas em a\u00e7o inox sob medida","fabricante de cozinha planejada de a\u00e7o","fabricante de mesas em a\u00e7o inox sob medida","fabricante de m\u00f3veis de a\u00e7o para cozinha","fabricante de m\u00f3veis de inox para cozinha","fabricante de m\u00f3veis em a\u00e7o inox","fabricante de m\u00f3veis planejados em a\u00e7o inox sob medida","fabricante de m\u00f3veis sob medida em a\u00e7o inox","fabricante de pe\u00e7as em a\u00e7o inox sob medida","fabricante de prateleiras em a\u00e7o inox sob medida","fornecedor de a\u00e7o inox sob medida","fornecedor de arm\u00e1rio de a\u00e7o","fornecedor de bancadas em a\u00e7o inox sob medida","fornecedor de cozinha planejada de a\u00e7o","fornecedor de mesas em a\u00e7o inox sob medida","fornecedor de m\u00f3veis de a\u00e7o para cozinha","fornecedor de m\u00f3veis de inox para cozinha","fornecedor de m\u00f3veis em a\u00e7o inox","fornecedor de m\u00f3veis planejados em a\u00e7o inox sob medida","fornecedor de m\u00f3veis sob medida em a\u00e7o inox","fornecedor de pe\u00e7as em a\u00e7o inox sob medida","fornecedor de prateleiras em a\u00e7o inox sob medida","loja de a\u00e7o inox sob medida","loja de arm\u00e1rio de a\u00e7o","loja de bancadas em a\u00e7o inox sob medida","loja de cozinha planejada de a\u00e7o","loja de mesas em a\u00e7o inox sob medida","loja de m\u00f3veis de a\u00e7o para cozinha","loja de m\u00f3veis de inox para cozinha","loja de m\u00f3veis em a\u00e7o inox","loja de m\u00f3veis planejados em a\u00e7o inox sob medida","loja de m\u00f3veis sob medida em a\u00e7o inox","loja de pe\u00e7as em a\u00e7o inox sob medida","loja de prateleiras em a\u00e7o inox sob medida","mesas em a\u00e7o inox sob medida direto da fabrica","mesas em a\u00e7o inox sob medida em Diadema","mesas em a\u00e7o inox sob medida em Mau\u00e1","mesas em a\u00e7o inox sob medida em promo\u00e7\u00e3o","mesas em a\u00e7o inox sob medida em Santo Andr\u00e9","mesas em a\u00e7o inox sob medida em s\u00e3o paulo","mesas em a\u00e7o inox sob medida em sp","mesas em a\u00e7o inox sob medida em Vila Santa Cec\u00edlia","mesas em a\u00e7o inox sob medida na Zona Sul","mesas em a\u00e7o inox sob medida no ABC","mesas em a\u00e7o inox sob medida perto de mim","mesas em a\u00e7o inox sob medida pre\u00e7o","mesas em a\u00e7o inox sob medida pr\u00f3ximo a mim","m\u00f3veis de a\u00e7o para cozinha direto da fabrica","m\u00f3veis de a\u00e7o para cozinha em Diadema","m\u00f3veis de a\u00e7o para cozinha em Mau\u00e1","m\u00f3veis de a\u00e7o para cozinha em promo\u00e7\u00e3o","m\u00f3veis de a\u00e7o para cozinha em Santo Andr\u00e9","m\u00f3veis de a\u00e7o para cozinha em s\u00e3o paulo","m\u00f3veis de a\u00e7o para cozinha em sp","m\u00f3veis de a\u00e7o para cozinha em Vila Santa Cec\u00edlia","m\u00f3veis de a\u00e7o para cozinha na Zona Sul","m\u00f3veis de a\u00e7o para cozinha no ABC","m\u00f3veis de a\u00e7o para cozinha perto de mim","m\u00f3veis de a\u00e7o para cozinha pre\u00e7o","m\u00f3veis de a\u00e7o para cozinha pr\u00f3ximo a mim","m\u00f3veis de inox para cozinha direto da fabrica","m\u00f3veis de inox para cozinha em Diadema","m\u00f3veis de inox para cozinha em Mau\u00e1","m\u00f3veis de inox para cozinha em promo\u00e7\u00e3o","m\u00f3veis de inox para cozinha em Santo Andr\u00e9","m\u00f3veis de inox para cozinha em s\u00e3o paulo","m\u00f3veis de inox para cozinha em sp","m\u00f3veis de inox para cozinha em Vila Santa Cec\u00edlia","m\u00f3veis de inox para cozinha na Zona Sul","m\u00f3veis de inox para cozinha no ABC","m\u00f3veis de inox para cozinha perto de mim","m\u00f3veis de inox para cozinha pre\u00e7o","m\u00f3veis de inox para cozinha pr\u00f3ximo a mim","m\u00f3veis em a\u00e7o inox direto da fabrica","m\u00f3veis em a\u00e7o inox em Diadema","m\u00f3veis em a\u00e7o inox em Mau\u00e1","m\u00f3veis em a\u00e7o inox em promo\u00e7\u00e3o","m\u00f3veis em a\u00e7o inox em Santo Andr\u00e9","m\u00f3veis em a\u00e7o inox em s\u00e3o paulo","m\u00f3veis em a\u00e7o inox em sp","m\u00f3veis em a\u00e7o inox em Vila Santa Cec\u00edlia","m\u00f3veis em a\u00e7o inox na Zona Sul","m\u00f3veis em a\u00e7o inox no ABC","m\u00f3veis em a\u00e7o inox perto de mim","m\u00f3veis em a\u00e7o inox pre\u00e7o","m\u00f3veis em a\u00e7o inox pr\u00f3ximo a mim","m\u00f3veis planejados em a\u00e7o inox sob medida direto da fabrica","m\u00f3veis planejados em a\u00e7o inox sob medida em Diadema","m\u00f3veis planejados em a\u00e7o inox sob medida em Mau\u00e1","m\u00f3veis planejados em a\u00e7o inox sob medida em promo\u00e7\u00e3o","m\u00f3veis planejados em a\u00e7o inox sob medida em Santo Andr\u00e9","m\u00f3veis planejados em a\u00e7o inox sob medida em s\u00e3o paulo","m\u00f3veis planejados em a\u00e7o inox sob medida em sp","m\u00f3veis planejados em a\u00e7o inox sob medida em Vila Santa Cec\u00edlia","m\u00f3veis planejados em a\u00e7o inox sob medida na Zona Sul","m\u00f3veis planejados em a\u00e7o inox sob medida no ABC","m\u00f3veis planejados em a\u00e7o inox sob medida perto de mim","m\u00f3veis planejados em a\u00e7o inox sob medida pre\u00e7o","m\u00f3veis planejados em a\u00e7o inox sob medida pr\u00f3ximo a mim","m\u00f3veis sob medida em a\u00e7o inox direto da fabrica","m\u00f3veis sob medida em a\u00e7o inox em Diadema","m\u00f3veis sob medida em a\u00e7o inox em Mau\u00e1","m\u00f3veis sob medida em a\u00e7o inox em promo\u00e7\u00e3o","m\u00f3veis sob medida em a\u00e7o inox em Santo Andr\u00e9","m\u00f3veis sob medida em a\u00e7o inox em s\u00e3o paulo","m\u00f3veis sob medida em a\u00e7o inox em sp","m\u00f3veis sob medida em a\u00e7o inox em Vila Santa Cec\u00edlia","m\u00f3veis sob medida em a\u00e7o inox na Zona Sul","m\u00f3veis sob medida em a\u00e7o inox no ABC","m\u00f3veis sob medida em a\u00e7o inox perto de mim","m\u00f3veis sob medida em a\u00e7o inox pre\u00e7o","m\u00f3veis sob medida em a\u00e7o inox pr\u00f3ximo a mim","onde encontrar a\u00e7o inox sob medida","onde encontrar arm\u00e1rio de a\u00e7o","onde encontrar bancadas em a\u00e7o inox sob medida","onde encontrar cozinha planejada de a\u00e7o","onde encontrar m\u00f3veis de a\u00e7o para cozinha","onde encontrar m\u00f3veis de inox para cozinha","onde encontrar m\u00f3veis em a\u00e7o inox","onde encontrar m\u00f3veis planejados em a\u00e7o inox sob medida","onde encontrar m\u00f3veis sob medida em a\u00e7o inox","onde encontrar pe\u00e7as em a\u00e7o inox sob medida","onde encontrar prateleiras em a\u00e7o inox sob medida","pe\u00e7as em a\u00e7o inox sob medida direto da fabrica","pe\u00e7as em a\u00e7o inox sob medida em Diadema","pe\u00e7as em a\u00e7o inox sob medida em Mau\u00e1","pe\u00e7as em a\u00e7o inox sob medida em promo\u00e7\u00e3o","pe\u00e7as em a\u00e7o inox sob medida em Santo Andr\u00e9","pe\u00e7as em a\u00e7o inox sob medida em s\u00e3o paulo","pe\u00e7as em a\u00e7o inox sob medida em sp","pe\u00e7as em a\u00e7o inox sob medida em Vila Santa Cec\u00edlia","pe\u00e7as em a\u00e7o inox sob medida na Zona Sul","pe\u00e7as em a\u00e7o inox sob medida no ABC","pe\u00e7as em a\u00e7o inox sob medida perto de mim","pe\u00e7as em a\u00e7o inox sob medida pre\u00e7o","pe\u00e7as em a\u00e7o inox sob medida pr\u00f3ximo a mim","prateleiras em a\u00e7o inox sob medida direto da fabrica","prateleiras em a\u00e7o inox sob medida em Diadema","prateleiras em a\u00e7o inox sob medida em Mau\u00e1","prateleiras em a\u00e7o inox sob medida em promo\u00e7\u00e3o","prateleiras em a\u00e7o inox sob medida em Santo Andr\u00e9","prateleiras em a\u00e7o inox sob medida em s\u00e3o paulo","prateleiras em a\u00e7o inox sob medida em sp","prateleiras em a\u00e7o inox sob medida em Vila Santa Cec\u00edlia","prateleiras em a\u00e7o inox sob medida na Zona Sul","prateleiras em a\u00e7o inox sob medida no ABC","prateleiras em a\u00e7o inox sob medida perto de mim","prateleiras em a\u00e7o inox sob medida pre\u00e7o","prateleiras em a\u00e7o inox sob medida pr\u00f3ximo a mim","revendedor de a\u00e7o inox sob medida","revendedor de arm\u00e1rio de a\u00e7o","revendedor de bancadas em a\u00e7o inox sob medida","revendedor de cozinha planejada de a\u00e7o","revendedor de mesas em a\u00e7o inox sob medida","revendedor de m\u00f3veis de a\u00e7o para cozinha","revendedor de m\u00f3veis de inox para cozinha","revendedor de m\u00f3veis em a\u00e7o inox","revendedor de m\u00f3veis planejados em a\u00e7o inox sob medida","revendedor de m\u00f3veis sob medida em a\u00e7o inox","revendedor de pe\u00e7as em a\u00e7o inox sob medida","revendedor de prateleiras em a\u00e7o inox sob medida","servi\u00e7o de a\u00e7o inox sob medida","servi\u00e7o de arm\u00e1rio de a\u00e7o","servi\u00e7o de bancadas em a\u00e7o inox sob medida","servi\u00e7o de cozinha planejada de a\u00e7o","servi\u00e7o de mesas em a\u00e7o inox sob medida","servi\u00e7o de m\u00f3veis de a\u00e7o para cozinha","servi\u00e7o de m\u00f3veis de inox para cozinha","servi\u00e7o de m\u00f3veis em a\u00e7o inox","servi\u00e7o de m\u00f3veis planejados em a\u00e7o inox sob medida","servi\u00e7o de m\u00f3veis sob medida em a\u00e7o inox","servi\u00e7o de pe\u00e7as em a\u00e7o inox sob medida","servi\u00e7o de prateleiras em a\u00e7o inox sob medida"],"articleSection":["a\u00e7o inox","inox sob medida","mesas e bancadas em inox"],"inLanguage":"pt-BR","potentialAction":[{"@type":"CommentAction","name":"Comment","target":["https:\/\/www.gsteel.com.br\/blog\/2023\/08\/25\/praticidade-e-higiene-moveis-sob-medida-em-aco-inox\/#respond"]}]},{"@type":"WebPage","@id":"https:\/\/www.gsteel.com.br\/blog\/2023\/08\/25\/praticidade-e-higiene-moveis-sob-medida-em-aco-inox\/","url":"https:\/\/www.gsteel.com.br\/blog\/2023\/08\/25\/praticidade-e-higiene-moveis-sob-medida-em-aco-inox\/","name":"Praticidade e higiene: m\u00f3veis sob medida em a\u00e7o inox - Gsteel","isPartOf":{"@id":"https:\/\/www.gsteel.com.br\/blog\/#website"},"primaryImageOfPage":{"@id":"https:\/\/www.gsteel.com.br\/blog\/2023\/08\/25\/praticidade-e-higiene-moveis-sob-medida-em-aco-inox\/#primaryimage"},"image":{"@id":"https:\/\/www.gsteel.com.br\/blog\/2023\/08\/25\/praticidade-e-higiene-moveis-sob-medida-em-aco-inox\/#primaryimage"},"thumbnailUrl":"https:\/\/www.gsteel.com.br\/blog\/wp-content\/uploads\/2023\/08\/20230825180841_fpdl.in_prateleira-de-aco-isolada-no-branco_51665-908_normal.jpg","datePublished":"2023-08-25T13:00:00+00:00","dateModified":"2023-08-25T16:23:11+00:00","description":"Neste artigo, voc\u00ea ir\u00e1 conhecer a excel\u00eancia dos m\u00f3veis sob medida em a\u00e7o inox, sua praticidade e higiene. Confira a seguir!","breadcrumb":{"@id":"https:\/\/www.gsteel.com.br\/blog\/2023\/08\/25\/praticidade-e-higiene-moveis-sob-medida-em-aco-inox\/#breadcrumb"},"inLanguage":"pt-BR","potentialAction":[{"@type":"ReadAction","target":["https:\/\/www.gsteel.com.br\/blog\/2023\/08\/25\/praticidade-e-higiene-moveis-sob-medida-em-aco-inox\/"]}]},{"@type":"ImageObject","inLanguage":"pt-BR","@id":"https:\/\/www.gsteel.com.br\/blog\/2023\/08\/25\/praticidade-e-higiene-moveis-sob-medida-em-aco-inox\/#primaryimage","url":"https:\/\/www.gsteel.com.br\/blog\/wp-content\/uploads\/2023\/08\/20230825180841_fpdl.in_prateleira-de-aco-isolada-no-branco_51665-908_normal.jpg","contentUrl":"https:\/\/www.gsteel.com.br\/blog\/wp-content\/uploads\/2023\/08\/20230825180841_fpdl.in_prateleira-de-aco-isolada-no-branco_51665-908_normal.jpg","width":626,"height":417,"caption":"Praticidade e higiene: m\u00f3veis sob medida em a\u00e7o inox"},{"@type":"BreadcrumbList","@id":"https:\/\/www.gsteel.com.br\/blog\/2023\/08\/25\/praticidade-e-higiene-moveis-sob-medida-em-aco-inox\/#breadcrumb","itemListElement":[{"@type":"ListItem","position":1,"name":"In\u00edcio","item":"https:\/\/www.gsteel.com.br\/blog\/"},{"@type":"ListItem","position":2,"name":"Praticidade e higiene: m\u00f3veis sob medida em a\u00e7o inox"}]},{"@type":"WebSite","@id":"https:\/\/www.gsteel.com.br\/blog\/#website","url":"https:\/\/www.gsteel.com.br\/blog\/","name":"Gsteel","description":"Blog","publisher":{"@id":"https:\/\/www.gsteel.com.br\/blog\/#organization"},"potentialAction":[{"@type":"SearchAction","target":{"@type":"EntryPoint","urlTemplate":"https:\/\/www.gsteel.com.br\/blog\/?s={search_term_string}"},"query-input":{"@type":"PropertyValueSpecification","valueRequired":true,"valueName":"search_term_string"}}],"inLanguage":"pt-BR"},{"@type":"Organization","@id":"https:\/\/www.gsteel.com.br\/blog\/#organization","name":"Gsteel","url":"https:\/\/www.gsteel.com.br\/blog\/","logo":{"@type":"ImageObject","inLanguage":"pt-BR","@id":"https:\/\/www.gsteel.com.br\/blog\/#\/schema\/logo\/image\/","url":"https:\/\/www.gsteel.com.br\/blog\/wp-content\/uploads\/2021\/10\/logoGSTEEL.png","contentUrl":"https:\/\/www.gsteel.com.br\/blog\/wp-content\/uploads\/2021\/10\/logoGSTEEL.png","width":131,"height":47,"caption":"Gsteel"},"image":{"@id":"https:\/\/www.gsteel.com.br\/blog\/#\/schema\/logo\/image\/"}},{"@type":"Person","@id":"https:\/\/www.gsteel.com.br\/blog\/#\/schema\/person\/28e05fa77cfe34acae514b85d18dd169","name":"admin","image":{"@type":"ImageObject","inLanguage":"pt-BR","@id":"https:\/\/www.gsteel.com.br\/blog\/#\/schema\/person\/image\/","url":"https:\/\/secure.gravatar.com\/avatar\/44fe48476a51cc905bda53ed1643436406bdaa56cbfe0f84f13093482406ba6f?s=96&d=mm&r=g","contentUrl":"https:\/\/secure.gravatar.com\/avatar\/44fe48476a51cc905bda53ed1643436406bdaa56cbfe0f84f13093482406ba6f?s=96&d=mm&r=g","caption":"admin"},"sameAs":["https:\/\/www.gsteel.com.br\/blog"],"url":"https:\/\/www.gsteel.com.br\/blog\/author\/admin\/"}]}},"_links":{"self":[{"href":"https:\/\/www.gsteel.com.br\/blog\/wp-json\/wp\/v2\/posts\/426","targetHints":{"allow":["GET"]}}],"collection":[{"href":"https:\/\/www.gsteel.com.br\/blog\/wp-json\/wp\/v2\/posts"}],"about":[{"href":"https:\/\/www.gsteel.com.br\/blog\/wp-json\/wp\/v2\/types\/post"}],"author":[{"embeddable":true,"href":"https:\/\/www.gsteel.com.br\/blog\/wp-json\/wp\/v2\/users\/1"}],"replies":[{"embeddable":true,"href":"https:\/\/www.gsteel.com.br\/blog\/wp-json\/wp\/v2\/comments?post=426"}],"version-history":[{"count":1,"href":"https:\/\/www.gsteel.com.br\/blog\/wp-json\/wp\/v2\/posts\/426\/revisions"}],"predecessor-version":[{"id":430,"href":"https:\/\/www.gsteel.com.br\/blog\/wp-json\/wp\/v2\/posts\/426\/revisions\/430"}],"wp:featuredmedia":[{"embeddable":true,"href":"https:\/\/www.gsteel.com.br\/blog\/wp-json\/wp\/v2\/media\/427"}],"wp:attachment":[{"href":"https:\/\/www.gsteel.com.br\/blog\/wp-json\/wp\/v2\/media?parent=426"}],"wp:term":[{"taxonomy":"category","embeddable":true,"href":"https:\/\/www.gsteel.com.br\/blog\/wp-json\/wp\/v2\/categories?post=426"},{"taxonomy":"post_tag","embeddable":true,"href":"https:\/\/www.gsteel.com.br\/blog\/wp-json\/wp\/v2\/tags?post=426"}],"curies":[{"name":"wp","href":"https:\/\/api.w.org\/{rel}","templated":true}]}}